{"id":5185,"date":"2025-07-24T09:43:50","date_gmt":"2025-07-24T07:43:50","guid":{"rendered":"https:\/\/city-guide.info\/?p=5185"},"modified":"2025-07-24T09:43:50","modified_gmt":"2025-07-24T07:43:50","slug":"plac-sw-piotra-w-rzymie-od-nerona-do-leona-xiv","status":"publish","type":"post","link":"https:\/\/city-guide.info\/de\/der-petersplatz-in-rom-von-neron-bis-leon-xiv\/","title":{"rendered":"Der Petersplatz in Rom - von Nero bis Leo XIV."},"content":{"rendered":"<h3 class=\"wp-block-heading\">1\ufe0f\u20e3 Einleitung<\/h3>\n\n\n\n<figure class=\"wp-block-image size-large is-resized\"><img loading=\"lazy\" decoding=\"async\" width=\"1024\" height=\"683\" src=\"https:\/\/city-guide.info\/wp-content\/uploads\/2025\/07\/italy-rome-st-peter-s-square-seen-from-st-pete-2024-09-13-22-58-12-utc-1-1024x683.jpg\" alt=\"\" class=\"wp-image-5193\" style=\"width:681px;height:auto\" srcset=\"https:\/\/city-guide.info\/wp-content\/uploads\/2025\/07\/italy-rome-st-peter-s-square-seen-from-st-pete-2024-09-13-22-58-12-utc-1-1024x683.jpg 1024w, https:\/\/city-guide.info\/wp-content\/uploads\/2025\/07\/italy-rome-st-peter-s-square-seen-from-st-pete-2024-09-13-22-58-12-utc-1-300x200.jpg 300w, https:\/\/city-guide.info\/wp-content\/uploads\/2025\/07\/italy-rome-st-peter-s-square-seen-from-st-pete-2024-09-13-22-58-12-utc-1-768x512.jpg 768w, https:\/\/city-guide.info\/wp-content\/uploads\/2025\/07\/italy-rome-st-peter-s-square-seen-from-st-pete-2024-09-13-22-58-12-utc-1-1536x1024.jpg 1536w, https:\/\/city-guide.info\/wp-content\/uploads\/2025\/07\/italy-rome-st-peter-s-square-seen-from-st-pete-2024-09-13-22-58-12-utc-1-2048x1365.jpg 2048w, https:\/\/city-guide.info\/wp-content\/uploads\/2025\/07\/italy-rome-st-peter-s-square-seen-from-st-pete-2024-09-13-22-58-12-utc-1-18x12.jpg 18w, https:\/\/city-guide.info\/wp-content\/uploads\/2025\/07\/italy-rome-st-peter-s-square-seen-from-st-pete-2024-09-13-22-58-12-utc-1-600x400.jpg 600w\" sizes=\"auto, (max-width: 1024px) 100vw, 1024px\" \/><\/figure>\n\n\n\n<p><\/p>\n\n\n\n<p><strong>Petersplatz<\/strong> ist heute einer der <em>die bekanntesten Orte der Welt<\/em> - das Herz des Vatikans und der Mittelpunkt der Pilgerfahrt f\u00fcr Katholiken aus aller Welt. Bevor er jedoch zum Symbol des Glaubens und der Macht des Papsttums wurde, war er Zeuge ganz anderer Ereignisse.<\/p>\n\n\n\n<p>Es ist hier, auf der <strong>Neros Zirkus<\/strong>Der \u00dcberlieferung nach starb hier der heilige Petrus. Auf seinem Grab wurde eine Basilika errichtet, und um sie herum entstand - im Laufe der Jahrhunderte - ein Platz, der heute durch seinen monumentalen S\u00e4ulengang und seine ungew\u00f6hnliche Symbolik beeindruckt.<\/p>\n\n\n\n<p>In den folgenden Kapiteln werden wir uns mit der Umwandlung des Standorts befassen -. <em>seit der Verfolgung<\/em>\u00fcber die \u00c4ra der gro\u00dfen P\u00e4pste und K\u00fcnstler bis hin zum <strong>der moderne Vatikan<\/strong> und die Bedeutung des Platzes in der heutigen Welt.<\/p>\n\n\n\n<hr class=\"wp-block-separator has-alpha-channel-opacity\"\/>\n\n\n\n<h3 class=\"wp-block-heading\">2\ufe0f\u20e3 Der Petersplatz heute - das Herz der Christenheit<\/h3>\n\n\n\n<p>\ud83e\udd85 <strong>Der Platz, auf dem Mussolini und Michelangelo standen<\/strong><br>\ud83d\udc49<a href=\"https:\/\/city-guide.info\/de\/piazza-venezia-in-romeo-mussolini-michal-angel-und-daruber-hinaus\/\"> Piazza Venezia - das monumentale Herz von Rom<\/a><\/p>\n\n\n\n<figure class=\"wp-block-image size-large is-resized\"><img loading=\"lazy\" decoding=\"async\" width=\"1024\" height=\"706\" src=\"https:\/\/city-guide.info\/wp-content\/uploads\/2025\/07\/st-peter-s-basilica-and-buildings-near-courtyard-2025-04-03-16-05-19-utc-1024x706.jpg\" alt=\"\" class=\"wp-image-5194\" style=\"width:648px;height:auto\" srcset=\"https:\/\/city-guide.info\/wp-content\/uploads\/2025\/07\/st-peter-s-basilica-and-buildings-near-courtyard-2025-04-03-16-05-19-utc-1024x706.jpg 1024w, https:\/\/city-guide.info\/wp-content\/uploads\/2025\/07\/st-peter-s-basilica-and-buildings-near-courtyard-2025-04-03-16-05-19-utc-300x207.jpg 300w, https:\/\/city-guide.info\/wp-content\/uploads\/2025\/07\/st-peter-s-basilica-and-buildings-near-courtyard-2025-04-03-16-05-19-utc-768x529.jpg 768w, https:\/\/city-guide.info\/wp-content\/uploads\/2025\/07\/st-peter-s-basilica-and-buildings-near-courtyard-2025-04-03-16-05-19-utc-1536x1058.jpg 1536w, https:\/\/city-guide.info\/wp-content\/uploads\/2025\/07\/st-peter-s-basilica-and-buildings-near-courtyard-2025-04-03-16-05-19-utc-2048x1411.jpg 2048w, https:\/\/city-guide.info\/wp-content\/uploads\/2025\/07\/st-peter-s-basilica-and-buildings-near-courtyard-2025-04-03-16-05-19-utc-18x12.jpg 18w, https:\/\/city-guide.info\/wp-content\/uploads\/2025\/07\/st-peter-s-basilica-and-buildings-near-courtyard-2025-04-03-16-05-19-utc-600x413.jpg 600w\" sizes=\"auto, (max-width: 1024px) 100vw, 1024px\" \/><\/figure>\n\n\n\n<p><\/p>\n\n\n\n<p>Heute <strong>Petersplatz<\/strong> ist nicht nur ein architektonisches Juwel, sondern vor allem ein <em>ein lebendiges spirituelles Zentrum<\/em> Katholiken aus der ganzen Welt. Es ist ein Ort, an dem der Glaube auf die Geschichte trifft und das Allt\u00e4gliche auf das Au\u00dfergew\u00f6hnliche.<\/p>\n\n\n\n<p><strong>\ud83d\udca0 Die wichtigsten Funktionen des Platzes heute:<\/strong><\/p>\n\n\n\n<ul class=\"wp-block-list\">\n<li><strong>P\u00e4pstliche Messen und Zelebrationen<\/strong><br>Der Platz wird regelm\u00e4\u00dfig zum Schauplatz von Ereignissen von weltweiter Bedeutung wie Weihnachten, Ostern und Seligsprechungen.<\/li>\n\n\n\n<li><strong>Angelus mit dem Papst<\/strong><br>Jeden Sonntag und an Festtagen versammeln sich die Gl\u00e4ubigen, um die Worte des Heiligen Vaters vom Fenster des Apostolischen Palastes aus zu h\u00f6ren.<\/li>\n\n\n\n<li><strong>Symbolische \"Arme der Kirche\"<\/strong><br>Berninis Kolonnade umschlie\u00dft den Platz und schafft ein Gef\u00fchl der Gemeinschaft und Einladung - f\u00fcr Gl\u00e4ubige und Neugierige gleicherma\u00dfen.<\/li>\n\n\n\n<li><strong>Ein Ort des t\u00e4glichen Gebets und der Reflexion<\/strong><br>Trotz der Menschenmassen beh\u00e4lt der Platz seine sakrale Atmosph\u00e4re. Am Abend, wenn die Basilika beleuchtet ist, herrscht eine fast mystische Stille.<\/li>\n<\/ul>\n\n\n\n<p><strong>\ud83d\udca0 Architektonisches und spirituelles Zentrum:<\/strong><\/p>\n\n\n\n<ul class=\"wp-block-list\">\n<li>In der Mitte des Platzes befindet sich die <strong>Obelisk von Heliopolis<\/strong>die noch an die Zeit der r\u00f6mischen Kaiser erinnert.<\/li>\n\n\n\n<li>Die umliegenden Geb\u00e4ude - Basilika, Pal\u00e4ste und Brunnen - bilden ein zusammenh\u00e4ngendes Ganzes von gro\u00dfem k\u00fcnstlerischen Wert.<\/li>\n\n\n\n<li>Der Platz dient auch als <strong>eine symbolische Br\u00fccke zwischen dem Vatikan und der Welt<\/strong> - Hier beginnt oft der Pilgerweg des Glaubens.<\/li>\n<\/ul>\n\n\n\n<hr class=\"wp-block-separator has-alpha-channel-opacity\"\/>\n\n\n\n<h3 class=\"wp-block-heading\">3\ufe0f\u20e3 Die Antike - Agrippinas G\u00e4rten und Neros Zirkus<\/h3>\n\n\n\n<p>\ud83c\udfa8 <strong>Barock in seiner ganzen Pracht<\/strong><br>\ud83d\udc49<a href=\"https:\/\/city-guide.info\/de\/piazza-navona-der-schonste-platz-in-rom\/\"> Piazza Navona - der sch\u00f6nste Platz Roms?<\/a><\/p>\n\n\n\n<figure class=\"wp-block-image size-large is-resized\"><img loading=\"lazy\" decoding=\"async\" width=\"1024\" height=\"575\" src=\"https:\/\/city-guide.info\/wp-content\/uploads\/2025\/07\/1920px-St_Peters_Square_Vatican_City_-_April_2007-1024x575.jpg\" alt=\"\" class=\"wp-image-5191\" style=\"width:824px;height:auto\" srcset=\"https:\/\/city-guide.info\/wp-content\/uploads\/2025\/07\/1920px-St_Peters_Square_Vatican_City_-_April_2007-1024x575.jpg 1024w, https:\/\/city-guide.info\/wp-content\/uploads\/2025\/07\/1920px-St_Peters_Square_Vatican_City_-_April_2007-300x168.jpg 300w, https:\/\/city-guide.info\/wp-content\/uploads\/2025\/07\/1920px-St_Peters_Square_Vatican_City_-_April_2007-768x431.jpg 768w, https:\/\/city-guide.info\/wp-content\/uploads\/2025\/07\/1920px-St_Peters_Square_Vatican_City_-_April_2007-1536x862.jpg 1536w, https:\/\/city-guide.info\/wp-content\/uploads\/2025\/07\/1920px-St_Peters_Square_Vatican_City_-_April_2007-18x10.jpg 18w, https:\/\/city-guide.info\/wp-content\/uploads\/2025\/07\/1920px-St_Peters_Square_Vatican_City_-_April_2007-600x337.jpg 600w, https:\/\/city-guide.info\/wp-content\/uploads\/2025\/07\/1920px-St_Peters_Square_Vatican_City_-_April_2007.jpg 1920w\" sizes=\"auto, (max-width: 1024px) 100vw, 1024px\" \/><\/figure>\n\n\n\n<p><\/p>\n\n\n\n<p>Vor dem Bau des Petersdoms sah das Gebiet des heutigen Platzes ganz anders aus. Er war noch nicht ein Ort des Gebets, sondern geh\u00f6rte zur Welt der <strong>R\u00f6mische Aristokratie und Imperatoren<\/strong>.<\/p>\n\n\n\n<p>\ud83d\udca0 <strong>Agrippina-G\u00e4rten<\/strong><br>Im ersten Jahrhundert n. Chr. war das Gebiet im Besitz von Agrippina der \u00c4lteren, der Mutter von Kaiser Caligula. Es beherbergte eine luxuri\u00f6se Villa, die von G\u00e4rten umgeben war und einen Blick auf den Tiber bot. Obwohl der Ort au\u00dferhalb der Stadtmauern lag, war er prestigetr\u00e4chtig und wurde von der r\u00f6mischen Elite gesch\u00e4tzt.<\/p>\n\n\n\n<p>\ud83d\udca0 <strong>Neros Zirkus und der Tod des Heiligen Petrus<\/strong><br>Caligula begann mit dem Bau eines Zirkus, den Nero erheblich ausbaute - hier wurde eine Arena f\u00fcr Wagenrennen und \u00f6ffentliche Spektakel errichtet. Dieser Zirkus wurde zum Schauplatz der <strong>das Martyrium des Heiligen Petrus<\/strong>mit dem Kopf nach unten gekreuzigt. Nach der \u00dcberlieferung stand sein Kreuz in der N\u00e4he des Obelisken, der heute in der Mitte des Platzes steht.<\/p>\n\n\n\n<p>\ud83d\udca0 <strong>Geburt einer Kultst\u00e4tte<\/strong><br>Nach der Hinrichtung wurde der Leichnam des Apostels an der Via Cornelia beigesetzt - einer der r\u00f6mischen Stra\u00dfen, die am Zirkus vorbeif\u00fchrten. Das Grab zog bald die ersten Christen an. Obwohl die Umgebung noch weltlich und voller Grausamkeiten des kaiserlichen Roms war, begann der Ort spirituelle Bedeutung zu erlangen und wurde zum Anfang eines sp\u00e4teren Heiligtums.<\/p>\n\n\n\n<hr class=\"wp-block-separator has-alpha-channel-opacity\"\/>\n\n\n\n<h3 class=\"wp-block-heading\">4\ufe0f\u20e3 Das Martyrium des Heiligen Petrus und die Gr\u00fcndung der ersten Basilika<\/h3>\n\n\n\n<figure class=\"wp-block-image size-large\"><img loading=\"lazy\" decoding=\"async\" width=\"1024\" height=\"339\" src=\"https:\/\/city-guide.info\/wp-content\/uploads\/2025\/07\/1280px-Panorama_of_Saint_Peters_Square-1024x339.jpg\" alt=\"\" class=\"wp-image-5189\" srcset=\"https:\/\/city-guide.info\/wp-content\/uploads\/2025\/07\/1280px-Panorama_of_Saint_Peters_Square-1024x339.jpg 1024w, https:\/\/city-guide.info\/wp-content\/uploads\/2025\/07\/1280px-Panorama_of_Saint_Peters_Square-300x99.jpg 300w, https:\/\/city-guide.info\/wp-content\/uploads\/2025\/07\/1280px-Panorama_of_Saint_Peters_Square-768x254.jpg 768w, https:\/\/city-guide.info\/wp-content\/uploads\/2025\/07\/1280px-Panorama_of_Saint_Peters_Square-18x6.jpg 18w, https:\/\/city-guide.info\/wp-content\/uploads\/2025\/07\/1280px-Panorama_of_Saint_Peters_Square-600x199.jpg 600w, https:\/\/city-guide.info\/wp-content\/uploads\/2025\/07\/1280px-Panorama_of_Saint_Peters_Square.jpg 1280w\" sizes=\"auto, (max-width: 1024px) 100vw, 1024px\" \/><\/figure>\n\n\n\n<p><\/p>\n\n\n\n<p>Mit dem Tod des heiligen Petrus begann die Umwandlung des Ortes von einem Schauplatz der Verfolgung in das geistige Zentrum der entstehenden Kirche. Obwohl das Grab des Apostels in den ersten Jahrzehnten au\u00dferhalb des religi\u00f6sen Lebens stand, zog es mit der Zeit immer mehr Gl\u00e4ubige an, die sein Andenken verehren wollten.<\/p>\n\n\n\n<p>\ud83d\udca0 <strong>Das Grab des Heiligen Petrus als Pilgerziel<\/strong><br>Die ersten Christen betrachteten die Grabst\u00e4tte des Petrus als heilig. Trotz des Fehlens von Monumentalbauten gewann die St\u00e4tte an spiritueller Bedeutung - Inschriften tauchten auf, es gab Spuren der Anwesenheit von Gl\u00e4ubigen, und das Grab wurde zunehmend verehrt.<\/p>\n\n\n\n<p>\ud83d\udca0 <strong>Konstantinische Basilika<\/strong><br>Im 4. Jahrhundert beschloss Kaiser Konstantin der Gro\u00dfe, der erste Herrscher des Reiches, der das Christentum anerkannte, einen monumentalen Tempel \u00fcber dem Grab von Petrus zu errichten. Die neue Basilika, die zwischen 319 und 333 errichtet wurde, sollte nicht nur die Grabst\u00e4tte sch\u00fctzen, sondern auch ein neues Zentrum des religi\u00f6sen Lebens werden.<\/p>\n\n\n\n<p>\ud83d\udca0 <strong>Die Architektur und Bedeutung des neuen Tempels<\/strong><br>Die konstantinische Basilika bestand aus f\u00fcnf Schiffen, einem Atrium und einem Altar direkt \u00fcber dem Grab des Heiligen Petrus. Von Anfang an zog sie Pilgerscharen an und wurde zu einem Symbol f\u00fcr den Sieg des Christentums \u00fcber das Heidentum. Dieser Moment markierte den Beginn der <strong>den Ort des Martyriums in einen Raum des Glaubens, der Anbetung und der Hoffnung zu verwandeln<\/strong>.<\/p>\n\n\n\n<hr class=\"wp-block-separator has-alpha-channel-opacity\"\/>\n\n\n\n<h3 class=\"wp-block-heading\">5\ufe0f\u20e3 Das Mittelalter - Pilgerfahrten und die Ver\u00e4nderung des Platzes<\/h3>\n\n\n\n<p>\ud83d\udca7 <strong>Der magischste Springbrunnen der Welt<\/strong><br>\ud83d\udc49 <a href=\"https:\/\/city-guide.info\/de\/trevi-brunnen-in-rom-diese-attraktionen-muss-man-gesehen-haben\/\">Trevi-Brunnen - Werfen Sie eine M\u00fcnze und kehren Sie nach Rom zur\u00fcck<\/a><\/p>\n\n\n\n<figure class=\"wp-block-image size-full is-resized\"><img loading=\"lazy\" decoding=\"async\" width=\"800\" height=\"600\" src=\"https:\/\/city-guide.info\/wp-content\/uploads\/2025\/07\/018ColonnatoSPietro.jpg\" alt=\"\" class=\"wp-image-5188\" style=\"width:652px;height:auto\" srcset=\"https:\/\/city-guide.info\/wp-content\/uploads\/2025\/07\/018ColonnatoSPietro.jpg 800w, https:\/\/city-guide.info\/wp-content\/uploads\/2025\/07\/018ColonnatoSPietro-300x225.jpg 300w, https:\/\/city-guide.info\/wp-content\/uploads\/2025\/07\/018ColonnatoSPietro-768x576.jpg 768w, https:\/\/city-guide.info\/wp-content\/uploads\/2025\/07\/018ColonnatoSPietro-16x12.jpg 16w, https:\/\/city-guide.info\/wp-content\/uploads\/2025\/07\/018ColonnatoSPietro-600x450.jpg 600w\" sizes=\"auto, (max-width: 800px) 100vw, 800px\" \/><\/figure>\n\n\n\n<p><\/p>\n\n\n\n<p>Im Laufe der Jahrhunderte gewannen der Petersdom und seine Umgebung immer mehr an Bedeutung f\u00fcr die christliche Welt. Im Mittelalter sah der Platz noch nicht so aus, wie wir ihn heute kennen - er war eher eine unregelm\u00e4\u00dfige Tempelanlage mit Geb\u00e4uden f\u00fcr den praktischen Gebrauch und f\u00fcr Pilger.<\/p>\n\n\n\n<p>\ud83d\udca0 <strong>Mittelalterliche Basilika im Zentrum des Gottesdienstes<\/strong><br>Obwohl die Basilika aus der Zeit Konstantins in technischer Hinsicht immer mehr an Bedeutung verlor, wuchs ihre spirituelle Bedeutung immer mehr. Tausende von Pilgern aus ganz Europa pilgerten zum Grab des heiligen Petrus, oft nach monatelanger Wanderschaft. Hier suchten die Gl\u00e4ubigen Vergebung, Segen und geistlichen Beistand.<\/p>\n\n\n\n<p>\ud83d\udca0 <strong>Rund um die Basilika und den Platz<\/strong><br>Rund um den Tempel wurden zahlreiche Herbergen, Kl\u00f6ster, H\u00e4user f\u00fcr den Klerus und Hilfsstationen f\u00fcr Neuank\u00f6mmlinge errichtet. Der Platz hatte noch keine feste Form - er war ein offener Raum, oft \u00fcberf\u00fcllt, voller St\u00e4nde und Menschen. Sein Charakter war eher praktisch als repr\u00e4sentativ.<\/p>\n\n\n\n<p>\ud83d\udca0 <strong>Symbolik und Politik<\/strong><br>Im Laufe des Mittelalters wuchs auch die politische Bedeutung des Ortes. Pilgerfahrten nach Rom waren ein Ausdruck der Einheit mit dem Papsttum, und die Anwesenheit von Gl\u00e4ubigen aus verschiedenen L\u00e4ndern st\u00e4rkte das Ansehen des Heiligen Stuhls. Mit der Zeit wurde hier das geistige Zentrum der christlichen Welt gesehen - trotz der einfachen Verh\u00e4ltnisse und des Fehlens eines monumentalen Rahmens.<\/p>\n\n\n\n<hr class=\"wp-block-separator has-alpha-channel-opacity\"\/>\n\n\n\n<h3 class=\"wp-block-heading\">6\ufe0f\u20e3 Renaissance und Barock - gro\u00dfe Umbauten und das Genie von Bernini<\/h3>\n\n\n\n<figure class=\"wp-block-image size-large is-resized\"><img loading=\"lazy\" decoding=\"async\" width=\"1024\" height=\"678\" src=\"https:\/\/city-guide.info\/wp-content\/uploads\/2025\/07\/1088px-Fresco_of_Piazza_S._Pietro-1024x678.jpg\" alt=\"\" class=\"wp-image-5187\" style=\"width:653px;height:auto\" srcset=\"https:\/\/city-guide.info\/wp-content\/uploads\/2025\/07\/1088px-Fresco_of_Piazza_S._Pietro-1024x678.jpg 1024w, https:\/\/city-guide.info\/wp-content\/uploads\/2025\/07\/1088px-Fresco_of_Piazza_S._Pietro-300x199.jpg 300w, https:\/\/city-guide.info\/wp-content\/uploads\/2025\/07\/1088px-Fresco_of_Piazza_S._Pietro-768x508.jpg 768w, https:\/\/city-guide.info\/wp-content\/uploads\/2025\/07\/1088px-Fresco_of_Piazza_S._Pietro-18x12.jpg 18w, https:\/\/city-guide.info\/wp-content\/uploads\/2025\/07\/1088px-Fresco_of_Piazza_S._Pietro-600x397.jpg 600w, https:\/\/city-guide.info\/wp-content\/uploads\/2025\/07\/1088px-Fresco_of_Piazza_S._Pietro.jpg 1088w\" sizes=\"auto, (max-width: 1024px) 100vw, 1024px\" \/><\/figure>\n\n\n\n<p><\/p>\n\n\n\n<p>Der Zusammenbruch der mittelalterlichen Ordnung und das Aufkommen der Renaissance brachten eine neue Sichtweise auf Kunst, Architektur und die Rolle der Kirche mit sich. Der Petersdom - ein alterndes und verfallendes Bauwerk aus der Zeit Konstantins - entsprach nicht mehr den Ambitionen der P\u00e4pste und dem neuen Zeitgeist.<\/p>\n\n\n\n<p>\ud83d\udca0 <strong>Sanierung der Basilika - ein neuer Anfang<\/strong><br>Im Jahr 1506 initiierte Papst Julius II. den Bau eines neuen Tempels, der m\u00e4chtiger und sch\u00f6ner sein und dem Grab des Heiligen Petrus w\u00fcrdig sein sollte. Die Arbeiten dauerten mehr als ein Jahrhundert und bezogen die gr\u00f6\u00dften K\u00fcnstler der Zeit mit ein: <strong>Bramante, Raphael, Michelangelo<\/strong> i <strong>Carla Maderna<\/strong>. Ihr Werk war nicht nur eine monumentale Kuppel, sondern auch neue Proportionen und eine Dynamik, die es zuvor in Europa nicht gab.<\/p>\n\n\n\n<p>\ud83d\udca0 <strong>Der Platz in Berninis H\u00e4nden<\/strong><br>Im 17. Jahrhundert beauftragte Papst Alexander VII. die <strong>Gianlorenz Bernini<\/strong> einen Platz zu entwerfen, der der Gr\u00f6\u00dfe und Symbolik der neuen Basilika entspricht. Bernini entwarf die Vision eines S\u00e4ulengangs, der an die Arme der Mutterkirche erinnert und die Gl\u00e4ubigen umgibt. <strong>Der Petersplatz hat seine charakteristische ovale Form angenommen.<\/strong>mit einem offenen Arm, der die Pilger willkommen hei\u00dft.<\/p>\n\n\n\n<p>\ud83d\udca0 <strong>Harmonie von Kunst und Ideen<\/strong><br>Das Ganze - Basilika, Kolonnade, Obelisk und Brunnen - wurde einer einzigen Idee untergeordnet: <strong>die Einheit der Kirche, der Glaube und die Sch\u00f6nheit<\/strong>. Der Platz war nicht mehr nur ein Nutzraum, sondern wurde zur B\u00fchne f\u00fcr spirituelle Ereignisse, religi\u00f6se Kundgebungen und p\u00e4pstliche Ansprachen. Dank Bernini erhielt der Platz eine zeitlose Form, die noch heute begeistert.<\/p>\n\n\n\n<hr class=\"wp-block-separator has-alpha-channel-opacity\"\/>\n\n\n\n<h3 class=\"wp-block-heading\">7\ufe0f\u20e3 Leo XIV. und das Quadrat als Symbol der Kirche in der modernen Welt<\/h3>\n\n\n\n<figure class=\"wp-block-image size-large is-resized\"><img loading=\"lazy\" decoding=\"async\" width=\"768\" height=\"1024\" src=\"https:\/\/city-guide.info\/wp-content\/uploads\/2025\/07\/Fontanna_Watykan-1-768x1024.jpg\" alt=\"\" class=\"wp-image-5198\" style=\"width:440px;height:auto\" srcset=\"https:\/\/city-guide.info\/wp-content\/uploads\/2025\/07\/Fontanna_Watykan-1-768x1024.jpg 768w, https:\/\/city-guide.info\/wp-content\/uploads\/2025\/07\/Fontanna_Watykan-1-225x300.jpg 225w, https:\/\/city-guide.info\/wp-content\/uploads\/2025\/07\/Fontanna_Watykan-1-9x12.jpg 9w, https:\/\/city-guide.info\/wp-content\/uploads\/2025\/07\/Fontanna_Watykan-1-600x800.jpg 600w, https:\/\/city-guide.info\/wp-content\/uploads\/2025\/07\/Fontanna_Watykan-1.jpg 960w\" sizes=\"auto, (max-width: 768px) 100vw, 768px\" \/><\/figure>\n\n\n\n<p><\/p>\n\n\n\n<p>Das 19. und 20. Jahrhundert brachten rasante Ver\u00e4nderungen mit sich - sowohl politisch als auch gesellschaftlich. In dieser neuen Welt <strong>Petersplatz<\/strong> gewann nicht nur religi\u00f6se, sondern auch symbolische und mediale Bedeutung. Sie war Zeuge von Ver\u00e4nderungen, die das Verh\u00e4ltnis zwischen der Kirche und der s\u00e4kularen Welt neu definierten.<\/p>\n\n\n\n<p>\ud83d\udca0 <strong>Vom Machtverlust zur geistlichen F\u00fchrung<\/strong><br>Nach der Einigung Italiens und dem Verlust des Kirchenstaates wurde der Vatikan zu einer Enklave, und die P\u00e4pste verlie\u00dfen jahrzehntelang die Mauern nicht. Die Situation \u00e4nderte sich erst 1929, als die Unterzeichnung des <strong>Lateranvertr\u00e4ge<\/strong>Anerkennung der Unabh\u00e4ngigkeit des Vatikans. Der Platz wurde so zu einer symbolischen \"Grenze - zwischen der geistlichen Unabh\u00e4ngigkeit und der weltlichen Au\u00dfenwelt.<\/p>\n\n\n\n<p>\ud83d\udca0 <strong>Das Pontifikat von Leo XIII. und seinen Nachfolgern<\/strong><br>Obwohl Papst Leo XIII. noch aus dem sp\u00e4ten 19. Jahrhundert stammte, begann unter seinem Pontifikat der moderne Dialog der Kirche mit der neuen Welt: Kapitalismus, Wissenschaft, Arbeitnehmerrechte. Der Petersplatz war nicht mehr nur ein Wallfahrtsort, sondern wurde zum Schauplatz von Erkl\u00e4rungen \u00fcber die <strong>globale moralische und soziale Reichweite<\/strong>.<\/p>\n\n\n\n<p>\ud83d\udca0 <strong>Der Platz als Fenster zur Welt<\/strong><br>Im 20. und 21. Jahrhundert haben Millionen von Menschen die Ereignisse auf dem Platz verfolgt: Pontifikatseinweihungen, Seligsprechungen, Messen, Ansprachen von Johannes Paul II. Dank der Fernseh- und Internet\u00fcbertragungen <strong>Der Petersplatz ist zu einem Ort geworden, der die Gl\u00e4ubigen weltweit vereint<\/strong> - ohne R\u00fccksicht auf Grenzen, Sprache und Herkunft.<\/p>\n\n\n\n<hr class=\"wp-block-separator has-alpha-channel-opacity\"\/>\n\n\n\n<h3 class=\"wp-block-heading\">8\ufe0f\u20e3 Die symbolische und spirituelle Bedeutung des Platzes im Laufe der Jahrhunderte<\/h3>\n\n\n\n<figure class=\"wp-block-embed is-type-video is-provider-youtube wp-block-embed-youtube wp-embed-aspect-16-9 wp-has-aspect-ratio\"><div class=\"wp-block-embed__wrapper\">\n<div class=\"ast-oembed-container\" style=\"height: 100%;\"><iframe loading=\"lazy\" title=\"Der Vatikanplatz erkl\u00e4rt\" width=\"500\" height=\"281\" src=\"https:\/\/www.youtube.com\/embed\/jjuq8mcIXAA?feature=oembed\" frameborder=\"0\" allow=\"accelerometer; autoplay; clipboard-write; encrypted-media; gyroscope; picture-in-picture; web-share\" referrerpolicy=\"strict-origin-when-cross-origin\" allowfullscreen><\/iframe><\/div>\n<\/div><\/figure>\n\n\n\n<p><\/p>\n\n\n\n<p>Der Petersplatz ist nicht nur ein architektonischer Raum oder ein Ort f\u00fcr liturgische Versammlungen. Seine Bedeutung geht weit \u00fcber die Mauern des Vatikans hinaus - er ist ein <strong>universelles Symbol<\/strong>die sich an Gl\u00e4ubige und Nicht-Gl\u00e4ubige, Geistliche und Laien, Bewohner Europas und ferner Kontinente richtet.<\/p>\n\n\n\n<p>\ud83d\udca0 <strong>Ein geschichtstr\u00e4chtiges Land mit vielen Opfern<\/strong><br>Von Anfang an wurde der Platz mit dem M\u00e4rtyrertum in Verbindung gebracht - der \u00dcberlieferung nach starb hier der heilige Petrus. Sein Grab wurde zum Bezugspunkt f\u00fcr den gesamten Platz. Jeder Stein des Platzes ist eine symbolische Erinnerung an die Wurzeln des Christentums - an Opfer, Glauben und Hoffnung.<\/p>\n\n\n\n<p>\ud83d\udca0 <strong>Architektur als Botschaft<\/strong><br>Berninis Kolonnade ist nicht nur von beeindruckender Form, sondern auch von tiefer Bedeutung. Seine ausgestreckten \"Arme\" symbolisieren die <strong>Kirchliche Gastfreundschaft<\/strong>die alle Menschen unabh\u00e4ngig von ihrer Vergangenheit, ihrer Nationalit\u00e4t oder ihrem Glauben einbeziehen m\u00f6chte. Sogar der ehemals heidnische Obelisk hat sich in ein Symbol verwandelt. <strong>Christliches Zeichen f\u00fcr den Sieg des Glaubens<\/strong>.<\/p>\n\n\n\n<p>\ud83d\udca0 <strong>Geistliches Zentrum der Gemeinschaft der Gl\u00e4ubigen<\/strong><br>Der Platz ist nicht nur die Kulisse f\u00fcr die p\u00e4pstlichen Feierlichkeiten. F\u00fcr viele Pilger ist er der H\u00f6hepunkt ihrer spirituellen Reise - ein Ort des Gebets, der Besinnung und oft auch der Tr\u00e4nen der R\u00fchrung. In historischen und dramatischen Momenten (wie dem Attentat auf Johannes Paul II.) ist er auch zu einem Ort der Solidarit\u00e4t und Einheit geworden.<\/p>\n\n\n\n<hr class=\"wp-block-separator has-alpha-channel-opacity\"\/>\n\n\n\n<h3 class=\"wp-block-heading\">9\ufe0f\u20e3 Der Petersplatz in Kunst, Literatur und Medien<\/h3>\n\n\n\n<figure class=\"wp-block-image size-large is-resized\"><img loading=\"lazy\" decoding=\"async\" width=\"1024\" height=\"683\" src=\"https:\/\/city-guide.info\/wp-content\/uploads\/2025\/07\/1080px-Vatican_City_and_St._Peter_Square_evening_twilight_aerial_view-1-1024x683.jpg\" alt=\"\" class=\"wp-image-5195\" style=\"width:666px;height:auto\" srcset=\"https:\/\/city-guide.info\/wp-content\/uploads\/2025\/07\/1080px-Vatican_City_and_St._Peter_Square_evening_twilight_aerial_view-1-1024x683.jpg 1024w, https:\/\/city-guide.info\/wp-content\/uploads\/2025\/07\/1080px-Vatican_City_and_St._Peter_Square_evening_twilight_aerial_view-1-300x200.jpg 300w, https:\/\/city-guide.info\/wp-content\/uploads\/2025\/07\/1080px-Vatican_City_and_St._Peter_Square_evening_twilight_aerial_view-1-768x512.jpg 768w, https:\/\/city-guide.info\/wp-content\/uploads\/2025\/07\/1080px-Vatican_City_and_St._Peter_Square_evening_twilight_aerial_view-1-18x12.jpg 18w, https:\/\/city-guide.info\/wp-content\/uploads\/2025\/07\/1080px-Vatican_City_and_St._Peter_Square_evening_twilight_aerial_view-1-600x400.jpg 600w, https:\/\/city-guide.info\/wp-content\/uploads\/2025\/07\/1080px-Vatican_City_and_St._Peter_Square_evening_twilight_aerial_view-1.jpg 1080w\" sizes=\"auto, (max-width: 1024px) 100vw, 1024px\" \/><\/figure>\n\n\n\n<p><\/p>\n\n\n\n<p>Der Petersplatz ist nicht nur eine religi\u00f6se und historische St\u00e4tte - er ist auch ein <strong>kulturelles Motiv<\/strong>die seit Jahrhunderten K\u00fcnstler, Schriftsteller, Filmemacher und Journalisten inspiriert. Seine Monumentalit\u00e4t, seine Symbolik und seine Pr\u00e4senz in Schl\u00fcsselmomenten der Geschichte haben ihn zu einem festen Bestandteil der kollektiven Vorstellung des Westens gemacht.<\/p>\n\n\n\n<p>\ud83d\udca0 <strong>Inspiration f\u00fcr Kunst und Malerei<\/strong><br>Seit der Renaissance wird der Platz in Stichen, Gem\u00e4lden und Fresken dargestellt - oft als Kulisse f\u00fcr religi\u00f6se Szenen oder spirituelle Allegorien. Die K\u00fcnstler waren besonders angetan von der <strong>Berninis Kolonnade<\/strong>die majest\u00e4tischen Fassaden der Basilika und die um den Obelisken versammelte Menge der Gl\u00e4ubigen. Der Platz wurde abgebildet als <strong>das Tor zur Ewigkeit<\/strong>der offene Raum zwischen Himmel und Erde.<\/p>\n\n\n\n<p>\ud83d\udca0 <strong>Pr\u00e4senz in der Literatur<\/strong><br>Der Platz taucht auch in literarischen Werken auf - von den spirituellen Memoiren von Pilgern \u00fcber die Tageb\u00fccher p\u00e4pstlicher Sekret\u00e4re bis hin zu zeitgen\u00f6ssischen Romanen. In B\u00fcchern wie <em>Engel und D\u00e4monen<\/em> Dan Brown ist der Schauplatz dramatischer Ereignisse, in denen die <strong>das Heilige und das Profane sto\u00dfen im Herzen des Christentums aufeinander<\/strong>.<\/p>\n\n\n\n<p>\ud83d\udca0 <strong>Der Platz in den Augen der Kameras und der Welt<\/strong><br>Im Medienzeitalter ist der Petersplatz zu einem globalen Symbol geworden. \u00dcbertragungen aus dem Vatikan - p\u00e4pstliche Segnungen, Feste, Ank\u00fcndigungen von Konklaven - werden von Millionen von Menschen auf dem Bildschirm verfolgt. Der Anblick des Petersplatzes ist zu einem Markenzeichen des Vatikans und zu einem <strong>ein universelles Symbol der Spiritualit\u00e4t in einer Welt, die zunehmend von Bildern beherrscht wird<\/strong>.<\/p>\n\n\n\n<hr class=\"wp-block-separator has-alpha-channel-opacity\"\/>\n\n\n\n<h3 class=\"wp-block-heading\">\ud83d\udd1f Zusammenfassung - vom Ort der Hinrichtung zum Zentrum des Christentums<\/h3>\n\n\n\n<p>Der Petersplatz in Rom ist ein Ort, der in einzigartiger Weise die <strong>Geschichte, Glaube, Kultur und Identit\u00e4t<\/strong>. Ihre Geschichte ist nicht nur eine Geschichte architektonischer Ver\u00e4nderungen oder p\u00e4pstlicher Entscheidungen - sie ist auch eine symbolische Reise von der Trag\u00f6die zur Hoffnung.<\/p>\n\n\n\n<p>\ud83d\udca0 <strong>Vom Zirkus zum Heiligtum<\/strong><br>Der Platz, auf dem sich zun\u00e4chst die kaiserlichen G\u00e4rten und der Zirkus befanden, war Zeuge der gewaltsamen Verfolgung der ersten Christen. Mit dem Tod des heiligen Petrus - direkt neben dem heutigen Obelisken - begann die Umwandlung des Platzes in ein spirituelles Zentrum, das mit der Zeit die ganze Welt umspannen sollte.<\/p>\n\n\n\n<p>\ud83d\udca0 <strong>Jahrhunderte des Wandels und der kreativen Vision<\/strong><br>Von der ersten konstantinischen Basilika \u00fcber die mittelalterliche Wallfahrt, die Renaissance-Restaurierung und die barocke Kolonnade bis in die Neuzeit hat sich der Platz immer wieder ver\u00e4ndert, dabei aber immer eine <strong>seine tiefe Identit\u00e4t<\/strong> als ein Ort der Begegnung zwischen Mensch und Gott.<\/p>\n\n\n\n<p>\ud83d\udca0 <strong>Ein Ort ohne Grenzen<\/strong><br>Heute ist der Petersplatz ein offener Raum - sowohl architektonisch als auch symbolisch. Er ist ein Ort der Gemeinschaft, des Gebets und der Besinnung, aber auch der <strong>Zeuge von Ereignissen in globalem Ma\u00dfstab<\/strong>. Ob man nun als Gl\u00e4ubiger, Tourist, Historiker oder K\u00fcnstler hierher kommt - es ist schwer, nicht das Gef\u00fchl zu haben, dass man im Zentrum von etwas Gr\u00f6\u00dferem steht als nur einem Steinbau.<\/p>","protected":false},"excerpt":{"rendered":"<p>1\ufe0f\u20e3 Wst\u0119p Plac \u015awi\u0119tego Piotra to dzi\u015b jedno z najbardziej rozpoznawalnych miejsc na \u015bwiecie \u2013 serce Watykanu i g\u0142\u00f3wny punkt [&hellip;]<\/p>","protected":false},"author":206,"featured_media":5192,"comment_status":"open","ping_status":"open","sticky":false,"template":"","format":"standard","meta":{"_acf_changed":false,"site-sidebar-layout":"default","site-content-layout":"","ast-site-content-layout":"default","site-content-style":"default","site-sidebar-style":"default","ast-global-header-display":"","ast-banner-title-visibility":"","ast-main-header-display":"","ast-hfb-above-header-display":"","ast-hfb-below-header-display":"","ast-hfb-mobile-header-display":"","site-post-title":"","ast-breadcrumbs-content":"","ast-featured-img":"","footer-sml-layout":"","theme-transparent-header-meta":"","adv-header-id-meta":"","stick-header-meta":"","header-above-stick-meta":"","header-main-stick-meta":"","header-below-stick-meta":"","astra-migrate-meta-layouts":"set","ast-page-background-enabled":"default","ast-page-background-meta":{"desktop":{"background-color":"var(--ast-global-color-4)","background-image":"","background-repeat":"repeat","background-position":"center center","background-size":"auto","background-attachment":"scroll","background-type":"","background-media":"","overlay-type":"","overlay-color":"","overlay-opacity":"","overlay-gradient":""},"tablet":{"background-color":"","background-image":"","background-repeat":"repeat","background-position":"center center","background-size":"auto","background-attachment":"scroll","background-type":"","background-media":"","overlay-type":"","overlay-color":"","overlay-opacity":"","overlay-gradient":""},"mobile":{"background-color":"","background-image":"","background-repeat":"repeat","background-position":"center center","background-size":"auto","background-attachment":"scroll","background-type":"","background-media":"","overlay-type":"","overlay-color":"","overlay-opacity":"","overlay-gradient":""}},"ast-content-background-meta":{"desktop":{"background-color":"var(--ast-global-color-5)","background-image":"","background-repeat":"repeat","background-position":"center center","background-size":"auto","background-attachment":"scroll","background-type":"","background-media":"","overlay-type":"","overlay-color":"","overlay-opacity":"","overlay-gradient":""},"tablet":{"background-color":"var(--ast-global-color-5)","background-image":"","background-repeat":"repeat","background-position":"center center","background-size":"auto","background-attachment":"scroll","background-type":"","background-media":"","overlay-type":"","overlay-color":"","overlay-opacity":"","overlay-gradient":""},"mobile":{"background-color":"var(--ast-global-color-5)","background-image":"","background-repeat":"repeat","background-position":"center center","background-size":"auto","background-attachment":"scroll","background-type":"","background-media":"","overlay-type":"","overlay-color":"","overlay-opacity":"","overlay-gradient":""}},"footnotes":""},"categories":[38],"tags":[234,90,72,232,223,236,219],"class_list":["post-5185","post","type-post","status-publish","format-standard","has-post-thumbnail","hentry","category-rzym","tag-architektura","tag-historia","tag-kosciol","tag-plac","tag-pomnik","tag-spacer","tag-zabytek"],"acf":[],"_links":{"self":[{"href":"https:\/\/city-guide.info\/de\/wp-json\/wp\/v2\/posts\/5185","targetHints":{"allow":["GET"]}}],"collection":[{"href":"https:\/\/city-guide.info\/de\/wp-json\/wp\/v2\/posts"}],"about":[{"href":"https:\/\/city-guide.info\/de\/wp-json\/wp\/v2\/types\/post"}],"author":[{"embeddable":true,"href":"https:\/\/city-guide.info\/de\/wp-json\/wp\/v2\/users\/206"}],"replies":[{"embeddable":true,"href":"https:\/\/city-guide.info\/de\/wp-json\/wp\/v2\/comments?post=5185"}],"version-history":[{"count":0,"href":"https:\/\/city-guide.info\/de\/wp-json\/wp\/v2\/posts\/5185\/revisions"}],"wp:featuredmedia":[{"embeddable":true,"href":"https:\/\/city-guide.info\/de\/wp-json\/wp\/v2\/media\/5192"}],"wp:attachment":[{"href":"https:\/\/city-guide.info\/de\/wp-json\/wp\/v2\/media?parent=5185"}],"wp:term":[{"taxonomy":"category","embeddable":true,"href":"https:\/\/city-guide.info\/de\/wp-json\/wp\/v2\/categories?post=5185"},{"taxonomy":"post_tag","embeddable":true,"href":"https:\/\/city-guide.info\/de\/wp-json\/wp\/v2\/tags?post=5185"}],"curies":[{"name":"wp","href":"https:\/\/api.w.org\/{rel}","templated":true}]}}