{"id":5152,"date":"2025-07-24T09:37:29","date_gmt":"2025-07-24T07:37:29","guid":{"rendered":"https:\/\/city-guide.info\/?p=5152"},"modified":"2025-07-24T09:38:56","modified_gmt":"2025-07-24T07:38:56","slug":"place-de-la-republique-symbol-wolnosci-w-sercu-paryza","status":"publish","type":"post","link":"https:\/\/city-guide.info\/es\/place-de-la-republique-simbolo-de-libertad-en-el-corazon-de-paris\/","title":{"rendered":"Plaza de la Rep\u00fablica, s\u00edmbolo de libertad en el coraz\u00f3n de Par\u00eds"},"content":{"rendered":"<h3 class=\"wp-block-heading\">1\ufe0f\u20e3 Introducci\u00f3n: el coraz\u00f3n de la identidad parisina<\/h3>\n\n\n\n<figure class=\"wp-block-image size-large is-resized\"><img loading=\"lazy\" decoding=\"async\" width=\"1024\" height=\"768\" src=\"https:\/\/city-guide.info\/wp-content\/uploads\/2025\/07\/1440px-Jielbeaumadier_republique_paris_2006-1024x768.jpg\" alt=\"\" class=\"wp-image-5155\" style=\"width:662px;height:auto\" srcset=\"https:\/\/city-guide.info\/wp-content\/uploads\/2025\/07\/1440px-Jielbeaumadier_republique_paris_2006-1024x768.jpg 1024w, https:\/\/city-guide.info\/wp-content\/uploads\/2025\/07\/1440px-Jielbeaumadier_republique_paris_2006-300x225.jpg 300w, https:\/\/city-guide.info\/wp-content\/uploads\/2025\/07\/1440px-Jielbeaumadier_republique_paris_2006-768x576.jpg 768w, https:\/\/city-guide.info\/wp-content\/uploads\/2025\/07\/1440px-Jielbeaumadier_republique_paris_2006-16x12.jpg 16w, https:\/\/city-guide.info\/wp-content\/uploads\/2025\/07\/1440px-Jielbeaumadier_republique_paris_2006-600x450.jpg 600w, https:\/\/city-guide.info\/wp-content\/uploads\/2025\/07\/1440px-Jielbeaumadier_republique_paris_2006.jpg 1440w\" sizes=\"auto, (max-width: 1024px) 100vw, 1024px\" \/><\/figure>\n\n\n\n<p><\/p>\n\n\n\n<p><strong>Plaza de la Rep\u00fablica<\/strong> no es s\u00f3lo una de las plazas m\u00e1s grandes de Par\u00eds, sino sobre todo un lugar profundamente arraigado en la historia y la conciencia de los franceses. Situada en el cruce de <em>3\u00ba, 10\u00ba y 11\u00ba distritos<\/em>ha sido durante a\u00f1os el centro simb\u00f3lico y social de la ciudad. Es aqu\u00ed donde las ideas de <strong>libertad, igualdad y fraternidad<\/strong>que constituyen la piedra angular de la identidad nacional francesa desde la Revoluci\u00f3n Francesa.<\/p>\n\n\n\n<p>La plaza atrae a lugare\u00f1os y turistas por igual: como punto de encuentro, espacio para manifestaciones, lugar de esparcimiento o actos culturales. Monumento monumental <strong>Marianne<\/strong>La personificaci\u00f3n de la Rep\u00fablica Francesa, que domina la plaza, nos recuerda los valores cercanos a cada ciudadano. <strong>Plaza de la Rep\u00fablica<\/strong> es un espacio donde la historia, la pol\u00edtica y la vida cotidiana forman un relato \u00fanico y coherente sobre Par\u00eds, una ciudad abierta y llena de vida.<\/p>\n\n\n\n<hr class=\"wp-block-separator has-alpha-channel-opacity\"\/>\n\n\n\n<h3 class=\"wp-block-heading\">2\ufe0f\u20e3 Historia de la plaza - de la monarqu\u00eda a la rep\u00fablica<\/h3>\n\n\n\n<p>\ud83c\udff0 <strong>La plaza m\u00e1s antigua y los soportales secretos<\/strong><br>\ud83d\udc49 <a href=\"https:\/\/city-guide.info\/es\/place-des-vosges-la-joya-escondida-de-paris\/\">Plaza de los Vosgos, una joya escondida de Par\u00eds<\/a><\/p>\n\n\n\n<figure class=\"wp-block-image size-large is-resized\"><img loading=\"lazy\" decoding=\"async\" width=\"1024\" height=\"684\" src=\"https:\/\/city-guide.info\/wp-content\/uploads\/2025\/07\/ND_39_-_PARIS_-_La_Place_de_la_Republique-1024x684.jpg\" alt=\"\" class=\"wp-image-5156\" style=\"width:648px;height:auto\" srcset=\"https:\/\/city-guide.info\/wp-content\/uploads\/2025\/07\/ND_39_-_PARIS_-_La_Place_de_la_Republique-1024x684.jpg 1024w, https:\/\/city-guide.info\/wp-content\/uploads\/2025\/07\/ND_39_-_PARIS_-_La_Place_de_la_Republique-300x200.jpg 300w, https:\/\/city-guide.info\/wp-content\/uploads\/2025\/07\/ND_39_-_PARIS_-_La_Place_de_la_Republique-768x513.jpg 768w, https:\/\/city-guide.info\/wp-content\/uploads\/2025\/07\/ND_39_-_PARIS_-_La_Place_de_la_Republique-1536x1025.jpg 1536w, https:\/\/city-guide.info\/wp-content\/uploads\/2025\/07\/ND_39_-_PARIS_-_La_Place_de_la_Republique-18x12.jpg 18w, https:\/\/city-guide.info\/wp-content\/uploads\/2025\/07\/ND_39_-_PARIS_-_La_Place_de_la_Republique-600x401.jpg 600w, https:\/\/city-guide.info\/wp-content\/uploads\/2025\/07\/ND_39_-_PARIS_-_La_Place_de_la_Republique.jpg 1588w\" sizes=\"auto, (max-width: 1024px) 100vw, 1024px\" \/><\/figure>\n\n\n\n<p><\/p>\n\n\n\n<p><strong>Plaza de la Rep\u00fablica<\/strong> no siempre llev\u00f3 este nombre ni desempe\u00f1\u00f3 un papel tan importante en la vida de Par\u00eds. Su historia es una historia de transformaciones, tanto urbanas como ideol\u00f3gicas.<\/p>\n\n\n\n<p>\ud83d\udca0 <strong>Del extrarradio a la plaza<\/strong><br>En la Edad Media, la zona se encontraba fuera de las murallas de la ciudad y no era especialmente significativa. No fue hasta el siglo XIX, con el r\u00e1pido crecimiento de Par\u00eds, cuando la plaza empez\u00f3 a cobrar importancia. En 1811 recibi\u00f3 el nombre de <em>Plaza del Castillo de Eau<\/em>ya que aqu\u00ed hab\u00eda una fuente para abastecer de agua a los barrios de los alrededores.<\/p>\n\n\n\n<p>\ud83d\udca0 <strong>Nacimiento de un s\u00edmbolo de la rep\u00fablica<\/strong><br>El punto de inflexi\u00f3n fue el a\u00f1o <strong>1883<\/strong>cuando la plaza recibi\u00f3 su nombre actual - <em>Plaza de la Rep\u00fablica<\/em> - conmemorando las ideas de la reci\u00e9n instaurada Tercera Rep\u00fablica Francesa. Al mismo tiempo, se erigi\u00f3 en su centro una estatua monumental <strong>Marianne<\/strong>la personificaci\u00f3n de los valores republicanos de libertad, igualdad y fraternidad. A partir de entonces, la plaza empez\u00f3 a desempe\u00f1ar un papel importante no s\u00f3lo en la estructura de la ciudad, sino tambi\u00e9n en el imaginario colectivo de los franceses.<\/p>\n\n\n\n<p>\ud83d\udca0 <strong>Un espacio para la democracia y la protesta<\/strong><br>En las d\u00e9cadas siguientes, la Place de la R\u00e9publique se convirti\u00f3 en un lugar natural de reuniones, manifestaciones y exhibiciones pol\u00edticas. Aqu\u00ed se reun\u00edan los ciudadanos para expresar su disconformidad, exigir cambios, pero tambi\u00e9n para revivir juntos tragedias nacionales y momentos de unidad. La revitalizaci\u00f3n de la plaza en 2013-2014 no hizo sino reforzar su car\u00e1cter social: se elimin\u00f3 parte del tr\u00e1fico, se a\u00f1adieron zonas verdes, bancos y fuentes, transform\u00e1ndola en un espacio p\u00fablico abierto y acogedor.<\/p>\n\n\n\n<hr class=\"wp-block-separator has-alpha-channel-opacity\"\/>\n\n\n\n<h3 class=\"wp-block-heading\">3\ufe0f\u20e3 Monumento a la Rep\u00fablica - una alegor\u00eda de la libertad<\/h3>\n\n\n\n<p>\ud83d\udc8e <strong>Lujo, historia y alta costura<\/strong><br>\ud83d\udc49 <a href=\"https:\/\/city-guide.info\/es\/plaza-vendome-en-paris-entre-napoleon-y-chanel\/\">Plaza Vend\u00f4me - entre Napole\u00f3n y Chanel<\/a><\/p>\n\n\n\n<figure class=\"wp-block-image size-large is-resized\"><img loading=\"lazy\" decoding=\"async\" width=\"768\" height=\"1024\" src=\"https:\/\/city-guide.info\/wp-content\/uploads\/2025\/07\/1620px-Marina_statue_republic_square_Paris_-_01-768x1024.jpg\" alt=\"\" class=\"wp-image-5157\" style=\"width:452px;height:auto\" srcset=\"https:\/\/city-guide.info\/wp-content\/uploads\/2025\/07\/1620px-Marina_statue_republic_square_Paris_-_01-768x1024.jpg 768w, https:\/\/city-guide.info\/wp-content\/uploads\/2025\/07\/1620px-Marina_statue_republic_square_Paris_-_01-225x300.jpg 225w, https:\/\/city-guide.info\/wp-content\/uploads\/2025\/07\/1620px-Marina_statue_republic_square_Paris_-_01-1151x1536.jpg 1151w, https:\/\/city-guide.info\/wp-content\/uploads\/2025\/07\/1620px-Marina_statue_republic_square_Paris_-_01-1535x2048.jpg 1535w, https:\/\/city-guide.info\/wp-content\/uploads\/2025\/07\/1620px-Marina_statue_republic_square_Paris_-_01-9x12.jpg 9w, https:\/\/city-guide.info\/wp-content\/uploads\/2025\/07\/1620px-Marina_statue_republic_square_Paris_-_01-600x800.jpg 600w, https:\/\/city-guide.info\/wp-content\/uploads\/2025\/07\/1620px-Marina_statue_republic_square_Paris_-_01.jpg 1620w\" sizes=\"auto, (max-width: 768px) 100vw, 768px\" \/><\/figure>\n\n\n\n<p><\/p>\n\n\n\n<p>El elemento central y m\u00e1s reconocible de la plaza es <strong>estatua monumental de Marianne<\/strong> - personificaci\u00f3n femenina de la Rep\u00fablica Francesa. No es solo una obra de arte, sino tambi\u00e9n un poderoso s\u00edmbolo de los valores que han dado forma a la Francia moderna.<\/p>\n\n\n\n<p>\ud83d\udca0 <strong>Simbolismo de los personajes<\/strong><br>La estatua representa <strong>Marianna<\/strong> - vestida con una toga, una corona de laurel en la cabeza y una mano levantada en la que sostiene una rama de olivo, signo de paz. Se trata de una alegor\u00eda cl\u00e1sica de la libertad y el esp\u00edritu republicano. Marianne se alza sobre un alto pedestal decorado con bajorrelieves que representan momentos clave de la historia de Francia, como la Revoluci\u00f3n de 1789 y la proclamaci\u00f3n de la Rep\u00fablica.<\/p>\n\n\n\n<p>\ud83d\udca0 <strong>Autores y estilo<\/strong><br>Los Hermanos son responsables del dise\u00f1o del monumento <strong>L\u00e9opold y Charles Morice<\/strong>que gan\u00f3 un concurso convocado por las autoridades municipales. La ceremonia de inauguraci\u00f3n del monumento tuvo lugar en el <strong>1883<\/strong>. La escultura es de bronce y mide m\u00e1s de 9 metros de altura, y todo el monumento, incluidos el pedestal y los leones que lo rodean, alcanza casi los 2,5 metros de altura. <strong>24 metros<\/strong>. El estilo combina elementos del clasicismo con un claro mensaje pol\u00edtico: es arte que habla.<\/p>\n\n\n\n<p>\ud83d\udca0 <strong>El monumento conmemorativo como lugar de recuerdo<\/strong><br>Hoy en d\u00eda, la estatua de Marianne no es s\u00f3lo un adorno de la plaza, sino tambi\u00e9n una <strong>lugar de homenajes espont\u00e1neos<\/strong>. Tras sucesos tr\u00e1gicos -como los atentados terroristas de Par\u00eds-, los vecinos depositaron aqu\u00ed velas, flores y tarjetas con lemas de solidaridad. El monumento se ha convertido en algo m\u00e1s que una escultura. <strong>s\u00edmbolo vivo de la identidad c\u00edvica francesa<\/strong>.<\/p>\n\n\n\n<hr class=\"wp-block-separator has-alpha-channel-opacity\"\/>\n\n\n\n<h3 class=\"wp-block-heading\">4\ufe0f\u20e3 Lugar de las protestas y manifestaciones<\/h3>\n\n\n\n<p>\u2696\ufe0f <strong>De la revoluci\u00f3n a la elegancia<\/strong><br>\ud83d\udc49 <a href=\"https:\/\/city-guide.info\/es\/la-plaza-de-la-concordia-de-paris-de-la-guillotina-a-la-armonia\/\">Plaza de la Concordia - Contrastes parisinos<\/a><\/p>\n\n\n\n<figure class=\"wp-block-image size-large is-resized\"><img loading=\"lazy\" decoding=\"async\" width=\"1024\" height=\"681\" src=\"https:\/\/city-guide.info\/wp-content\/uploads\/2025\/07\/1082px-Marche_hommage_Charlie_hebdo_et_aux_victimes_des_attentats_de_janvier_2015_17-1024x681.jpg\" alt=\"\" class=\"wp-image-5158\" style=\"width:667px;height:auto\" srcset=\"https:\/\/city-guide.info\/wp-content\/uploads\/2025\/07\/1082px-Marche_hommage_Charlie_hebdo_et_aux_victimes_des_attentats_de_janvier_2015_17-1024x681.jpg 1024w, https:\/\/city-guide.info\/wp-content\/uploads\/2025\/07\/1082px-Marche_hommage_Charlie_hebdo_et_aux_victimes_des_attentats_de_janvier_2015_17-300x200.jpg 300w, https:\/\/city-guide.info\/wp-content\/uploads\/2025\/07\/1082px-Marche_hommage_Charlie_hebdo_et_aux_victimes_des_attentats_de_janvier_2015_17-768x511.jpg 768w, https:\/\/city-guide.info\/wp-content\/uploads\/2025\/07\/1082px-Marche_hommage_Charlie_hebdo_et_aux_victimes_des_attentats_de_janvier_2015_17-18x12.jpg 18w, https:\/\/city-guide.info\/wp-content\/uploads\/2025\/07\/1082px-Marche_hommage_Charlie_hebdo_et_aux_victimes_des_attentats_de_janvier_2015_17-600x399.jpg 600w, https:\/\/city-guide.info\/wp-content\/uploads\/2025\/07\/1082px-Marche_hommage_Charlie_hebdo_et_aux_victimes_des_attentats_de_janvier_2015_17.jpg 1082w\" sizes=\"auto, (max-width: 1024px) 100vw, 1024px\" \/><\/figure>\n\n\n\n<p><\/p>\n\n\n\n<p><strong>Plaza de la Rep\u00fablica<\/strong> ha sido durante d\u00e9cadas uno de los lugares de expresi\u00f3n p\u00fablica m\u00e1s importantes de Francia. Es aqu\u00ed, en el espacio abierto del monumento a Marianne, donde los ciudadanos se re\u00fanen para manifestar sus opiniones, conmemorar a las v\u00edctimas de la tragedia y exigir cambios.<\/p>\n\n\n\n<p>\ud83d\udca0 <strong>Una tradici\u00f3n de disidencia civil<\/strong><br>La plaza ha sido testigo de innumerables manifestaciones, desde las marchas obreras de principios del siglo XX, pasando por las protestas estudiantiles y comunitarias de mayo de 1968, hasta movimientos contempor\u00e1neos como el <strong>gilets jaunes<\/strong> (chalecos amarillos), <strong>marchas por el clima<\/strong> o manifestaciones por la igualdad y los derechos humanos. Su ubicaci\u00f3n y su simb\u00f3lico nombre la convierten en una elecci\u00f3n natural para los organizadores de acciones c\u00edvicas.<\/p>\n\n\n\n<p>\ud83d\udca0 <strong>Unidad en los momentos de prueba<\/strong><br>Tras los atentados terroristas en la editorial <em>Charlie Hebdo<\/em> 2015 y en el teatro Bataclan, la plaza de la Rep\u00fablica se ha convertido en un lugar de <strong>concentraciones masivas de solidaridad y vigilias silenciosas<\/strong>. El monumento a Marianne se cubri\u00f3 de pancartas, carteles de tiza y velas: una respuesta espont\u00e1nea de personas que necesitaban comunidad y apoyo.<\/p>\n\n\n\n<p>\ud83d\udca0 <strong>Accesibilidad y espacios abiertos<\/strong><br>Gracias a la modernizaci\u00f3n de la plaza, que ha reducido el tr\u00e1fico rodado y aumentado el espacio peatonal, las manifestaciones son ahora m\u00e1s seguras y visibles. La plaza sirve de <strong>\u00e1gora moderna<\/strong>en la que la voz de los ciudadanos pueda resonar con fuerza y claridad, en consonancia con el esp\u00edritu republicano que la define.<\/p>\n\n\n\n<hr class=\"wp-block-separator has-alpha-channel-opacity\"\/>\n\n\n\n<h3 class=\"wp-block-heading\">5\ufe0f\u20e3 Plaza tras la modernizaci\u00f3n: un espacio para la gente<\/h3>\n\n\n\n<figure class=\"wp-block-embed is-type-video is-provider-youtube wp-block-embed-youtube wp-embed-aspect-16-9 wp-has-aspect-ratio\"><div class=\"wp-block-embed__wrapper\">\n<div class=\"ast-oembed-container\" style=\"height: 100%;\"><iframe loading=\"lazy\" title=\"Plaza de la Rep\u00fablica de Par\u00eds | Explore France\" width=\"500\" height=\"281\" src=\"https:\/\/www.youtube.com\/embed\/KHYNvLMPE1Y?feature=oembed\" frameborder=\"0\" allow=\"accelerometer; autoplay; clipboard-write; encrypted-media; gyroscope; picture-in-picture; web-share\" referrerpolicy=\"strict-origin-when-cross-origin\" allowfullscreen><\/iframe><\/div>\n<\/div><\/figure>\n\n\n\n<p><\/p>\n\n\n\n<p>En a\u00f1os <strong>2013-2014<\/strong> La plaza de la Rep\u00fablica ha experimentado una de las transformaciones m\u00e1s importantes de su historia. El objetivo de la modernizaci\u00f3n era transformarla de una plaza dominada por los coches en una <strong>un espacio urbano abierto y acogedor<\/strong> - y este objetivo se ha logrado.<\/p>\n\n\n\n<p>\ud83d\udca0 <strong>Dise\u00f1o moderno y abierto<\/strong><br>Antes, el intenso tr\u00e1fico divid\u00eda la plaza en secciones, lo que dificultaba la libre circulaci\u00f3n de los peatones. Tras la remodelaci\u00f3n, se redujo el n\u00famero de carriles y la propia plaza se convirti\u00f3 en un <strong>mayoritariamente peatonal<\/strong>. Se ha creado un amplio espacio pavimentado de unas 3,5 hect\u00e1reas con bancos, fuentes, nueva iluminaci\u00f3n y zonas de descanso.<\/p>\n\n\n\n<p>\ud83d\udca0 <strong>Vegetaci\u00f3n y multifuncionalidad<\/strong><br>Como parte de la revitalizaci\u00f3n, se plantaron nuevos \u00e1rboles, se crearon peque\u00f1as zonas verdes y se cuid\u00f3 la est\u00e9tica de la peque\u00f1a arquitectura. La plaza se ha convertido en un lugar no s\u00f3lo para pasear, sino tambi\u00e9n para <strong>sentarse, hablar, organizar un acto o simplemente estar<\/strong>. En verano acoge conciertos, proyecciones de pel\u00edculas y reuniones comunitarias.<\/p>\n\n\n\n<p>\ud83d\udca0 <strong>Espacio democr\u00e1tico<\/strong><br>El cambio de car\u00e1cter de la plaza fue tambi\u00e9n una decisi\u00f3n ideol\u00f3gica: un retorno consciente a la idea de <strong>la plaza como \u00e1gora<\/strong>accesible a todos. La revitalizaci\u00f3n ha hecho de la Place de la R\u00e9publique un s\u00edmbolo a\u00fan m\u00e1s fuerte de la <strong>libertad, apertura e igualdad<\/strong> - valores que siempre han estado arraigados en su identidad.<\/p>\n\n\n\n<hr class=\"wp-block-separator has-alpha-channel-opacity\"\/>\n\n\n\n<h3 class=\"wp-block-heading\">6\ufe0f\u20e3 Cultura y vida cotidiana en torno a la plaza<\/h3>\n\n\n\n<figure class=\"wp-block-image size-large is-resized\"><img loading=\"lazy\" decoding=\"async\" width=\"1024\" height=\"768\" src=\"https:\/\/city-guide.info\/wp-content\/uploads\/2025\/07\/1440px-Jielbeaumadier_republique_paris_2006-1-1024x768.jpg\" alt=\"\" class=\"wp-image-5159\" style=\"width:651px;height:auto\" srcset=\"https:\/\/city-guide.info\/wp-content\/uploads\/2025\/07\/1440px-Jielbeaumadier_republique_paris_2006-1-1024x768.jpg 1024w, https:\/\/city-guide.info\/wp-content\/uploads\/2025\/07\/1440px-Jielbeaumadier_republique_paris_2006-1-300x225.jpg 300w, https:\/\/city-guide.info\/wp-content\/uploads\/2025\/07\/1440px-Jielbeaumadier_republique_paris_2006-1-768x576.jpg 768w, https:\/\/city-guide.info\/wp-content\/uploads\/2025\/07\/1440px-Jielbeaumadier_republique_paris_2006-1-16x12.jpg 16w, https:\/\/city-guide.info\/wp-content\/uploads\/2025\/07\/1440px-Jielbeaumadier_republique_paris_2006-1-600x450.jpg 600w, https:\/\/city-guide.info\/wp-content\/uploads\/2025\/07\/1440px-Jielbeaumadier_republique_paris_2006-1.jpg 1440w\" sizes=\"auto, (max-width: 1024px) 100vw, 1024px\" \/><\/figure>\n\n\n\n<p><\/p>\n\n\n\n<p>Aunque <strong>Plaza de la Rep\u00fablica<\/strong> es un lugar con una fuerte carga simb\u00f3lica y pol\u00edtica, es un bullicio diario de <strong>vida urbana ordinaria<\/strong>. Es donde los parisinos se re\u00fanen para tomar un caf\u00e9, relajarse en un banco, patinar o simplemente atravesar la plaza de camino al trabajo.<\/p>\n\n\n\n<p>\ud83d\udca0 <strong>Caf\u00e9s, librer\u00edas, arte callejero<\/strong><br>Alrededor de la plaza hay numerosos <strong>caf\u00e9s, bares y restaurantes<\/strong>A menudo, los jardines dan directamente al espacio p\u00fablico. En las calles cercanas hay librer\u00edas independientes, galer\u00edas y tiendas de artesan\u00eda. Las paredes de los edificios circundantes suelen estar cubiertas de <strong>murales y graffitis de car\u00e1cter social o art\u00edstico<\/strong>que se relacionan con el esp\u00edritu del lugar.<\/p>\n\n\n\n<p>\ud83d\udca0 <strong>Un lugar favorito para j\u00f3venes y artistas<\/strong><br>La plaza era especialmente popular entre <strong>j\u00f3venes<\/strong> - skaters, m\u00fasicos callejeros, artistas. Tambi\u00e9n es un espacio donde numerosos <strong>eventos culturales<\/strong>desde proyecciones de pel\u00edculas al aire libre y conciertos improvisados hasta happenings y talleres abiertos al p\u00fablico.<\/p>\n\n\n\n<p>\ud83d\udca0 <strong>La vida cotidiana con vistas a Marianne<\/strong><br>A pesar de su escala y su historia, la Place de la R\u00e9publique no intimida. Gracias a la modernizaci\u00f3n y a la presencia diaria de gente, la plaza se ha convertido en un <strong>espacio cercano y accesible<\/strong>donde la gran historia convive con la vida cotidiana. Aqu\u00ed podr\u00e1 sentarse con un libro, concertar una cita o simplemente observar la palpitante vida de la ciudad.<\/p>\n\n\n\n<hr class=\"wp-block-separator has-alpha-channel-opacity\"\/>\n\n\n\n<h3 class=\"wp-block-heading\">7\ufe0f\u20e3 C\u00f3mo llegar a la Plaza de la Rep\u00fablica<\/h3>\n\n\n\n<div class=\"wp-block-gmap-gmap-block gmap-block-1h62y426\"><iframe loading=\"lazy\" src=\"https:\/\/maps.google.com\/maps?q=Place+de+la+R%C3%A9publique&amp;z=13&amp;t=roadmap&amp;output=embed\" class=\"embd-map\" title=\"Plaza de la Rep\u00fablica\"><\/iframe><\/div>\n\n\n\n<p><\/p>\n\n\n\n<p>Gracias a su c\u00e9ntrica ubicaci\u00f3n <strong>Plaza de la Rep\u00fablica<\/strong> es uno de los lugares mejor comunicados de todo Par\u00eds. No importa de d\u00f3nde partas, <strong>el acceso al patio es r\u00e1pido y c\u00f3modo<\/strong> - en metro, en bicicleta o a pie.<\/p>\n\n\n\n<p>\ud83d\udca0 <strong>Metro: hasta 5 l\u00edneas en un mismo lugar<\/strong><br>Justo debajo de la plaza hay una estaci\u00f3n <strong>Rep\u00fablica<\/strong>por el que discurre tanto como <strong>cinco l\u00edneas de metro<\/strong>:<br>&nbsp;&nbsp;&nbsp;&nbsp;\u27a1\ufe0f <em>L\u00ednea 3<\/em> (este-oeste),<br>&nbsp;&nbsp;&nbsp;&nbsp;\u27a1\ufe0f <em>L\u00ednea 5<\/em> (norte-sur),<br>&nbsp;&nbsp;&nbsp;&nbsp;\u27a1\ufe0f <em>L\u00ednea 8<\/em>,<br>&nbsp;&nbsp;&nbsp;&nbsp;\u27a1\ufe0f <em>L\u00ednea 9<\/em>,<br>&nbsp;&nbsp;&nbsp;&nbsp;\u27a1\ufe0f <em>L\u00ednea 11<\/em>.<br>De este modo, es f\u00e1cil llegar a la plaza desde pr\u00e1cticamente cualquier rinc\u00f3n de la ciudad, desde Montmartre hasta la Torre Eiffel.<\/p>\n\n\n\n<p>\ud83d\udca0 <strong>Autobuses y bicicletas urbanas<\/strong><br>Tambi\u00e9n paran en la zona varias l\u00edneas de autob\u00fas. Para los amantes de las dos ruedas, hay <strong>Estaciones de bicicletas \"V\u00e9lib<\/strong>La zona es apta para ciclistas, con senderos y aparcamientos designados.<\/p>\n\n\n\n<p>\ud83d\udca0 <strong>Caminar: el coraz\u00f3n de una vida vibrante<\/strong><br>Si se encuentra en el centro de Par\u00eds, llegar a pie es un agradable paseo. Desde los barrios de Le Marais, Canal Saint-Martin o incluso los alrededores de la \u00d3pera Garnier, puede caminar en un <strong>varios minutos<\/strong>. Por el camino le esperan caf\u00e9s, tiendas y calles llenas de ambiente: merece la pena perderse para acabar aqu\u00ed.<\/p>\n\n\n\n<hr class=\"wp-block-separator has-alpha-channel-opacity\"\/>\n\n\n\n<h3 class=\"wp-block-heading\">8\ufe0f\u20e3 Datos de inter\u00e9s y simbolismo del lugar<\/h3>\n\n\n\n<figure class=\"wp-block-image size-large is-resized\"><img loading=\"lazy\" decoding=\"async\" width=\"1024\" height=\"640\" src=\"https:\/\/city-guide.info\/wp-content\/uploads\/2025\/07\/1729px-P1280506_Paris_XI_place_Republique_statue_lion_rwk-1024x640.jpg\" alt=\"\" class=\"wp-image-5160\" style=\"width:654px;height:auto\" srcset=\"https:\/\/city-guide.info\/wp-content\/uploads\/2025\/07\/1729px-P1280506_Paris_XI_place_Republique_statue_lion_rwk-1024x640.jpg 1024w, https:\/\/city-guide.info\/wp-content\/uploads\/2025\/07\/1729px-P1280506_Paris_XI_place_Republique_statue_lion_rwk-300x187.jpg 300w, https:\/\/city-guide.info\/wp-content\/uploads\/2025\/07\/1729px-P1280506_Paris_XI_place_Republique_statue_lion_rwk-768x480.jpg 768w, https:\/\/city-guide.info\/wp-content\/uploads\/2025\/07\/1729px-P1280506_Paris_XI_place_Republique_statue_lion_rwk-1536x959.jpg 1536w, https:\/\/city-guide.info\/wp-content\/uploads\/2025\/07\/1729px-P1280506_Paris_XI_place_Republique_statue_lion_rwk-18x12.jpg 18w, https:\/\/city-guide.info\/wp-content\/uploads\/2025\/07\/1729px-P1280506_Paris_XI_place_Republique_statue_lion_rwk-600x375.jpg 600w, https:\/\/city-guide.info\/wp-content\/uploads\/2025\/07\/1729px-P1280506_Paris_XI_place_Republique_statue_lion_rwk.jpg 1729w\" sizes=\"auto, (max-width: 1024px) 100vw, 1024px\" \/><\/figure>\n\n\n\n<p><\/p>\n\n\n\n<p><strong>Plaza de la Rep\u00fablica<\/strong> no es s\u00f3lo un espacio p\u00fablico y un lugar de celebraci\u00f3n de eventos, sino tambi\u00e9n una mina de detalles interesantes que a menudo escapan al transe\u00fante ocasional. He aqu\u00ed algunos datos y s\u00edmbolos que merece la pena conocer:<\/p>\n\n\n\n<p>\ud83d\udca0 <strong>Los leones como guardianes de los valores<\/strong><br>Al pie del monumento a Marianne se encuentran <strong>tres leones<\/strong>simbolizando el lema de la revoluci\u00f3n: <strong>\"libertad, igualdad, fraternidad\".<\/strong> (<em>libert\u00e9, \u00e9galit\u00e9, fraternit\u00e9<\/em>). Cada uno de ellos lleva una placa con una de estas palabras, un recordatorio sutil pero incisivo de los valores que sustentan la Rep\u00fablica.<\/p>\n\n\n\n<p>\ud83d\udca0 <strong>Puntos de recogida y conmemoraci\u00f3n<\/strong><br>El cuadrado produce a menudo <strong>monumentos temporales<\/strong> - ya sea tras atentados terroristas o durante protestas mundiales (por ejemplo, por el clima o los derechos humanos). Marianne se adorna a veces con banderas, flores e incluso lemas escritos a mano, convirti\u00e9ndose en la voz del pueblo.<\/p>\n\n\n\n<p>\ud83d\udca0 <strong>Bajo la plaza: una red de t\u00faneles subterr\u00e1neos<\/strong><br>Bajo la superficie de la plaza se encuentra uno de los <strong>las mayores estaciones subterr\u00e1neas de transbordo<\/strong> de Par\u00eds. Varios niveles, largos t\u00faneles e intersecciones de l\u00edneas de metro hacen que este lugar funcione no s\u00f3lo \"en la superficie\", sino tambi\u00e9n como punto de tr\u00e1nsito diario para muchos residentes.<\/p>\n\n\n\n<p>\ud83d\udca0 <strong>Lugar favorito para manifestaciones<\/strong><br>La Plaza de la Rep\u00fablica se conoce a veces extraoficialmente como la <strong>el \"Hyde Park parisino\"<\/strong> - Es aqu\u00ed donde suelen comenzar o terminar las grandes manifestaciones p\u00fablicas. Las autoridades municipales, a pesar de los problemas log\u00edsticos, aceptan esta funci\u00f3n de la plaza como parte de la vida democr\u00e1tica de la capital.<\/p>\n\n\n\n<hr class=\"wp-block-separator has-alpha-channel-opacity\"\/>\n\n\n\n<h3 class=\"wp-block-heading\">9\ufe0f\u20e3 Resumen - esp\u00edritu de libertad y unidad<\/h3>\n\n\n\n<figure class=\"wp-block-image size-large is-resized\"><img loading=\"lazy\" decoding=\"async\" width=\"1024\" height=\"676\" src=\"https:\/\/city-guide.info\/wp-content\/uploads\/2025\/07\/1090px-Place_de_la_Republique_December_11_2008-1024x676.jpg\" alt=\"\" class=\"wp-image-5161\" style=\"width:587px;height:auto\" srcset=\"https:\/\/city-guide.info\/wp-content\/uploads\/2025\/07\/1090px-Place_de_la_Republique_December_11_2008-1024x676.jpg 1024w, https:\/\/city-guide.info\/wp-content\/uploads\/2025\/07\/1090px-Place_de_la_Republique_December_11_2008-300x198.jpg 300w, https:\/\/city-guide.info\/wp-content\/uploads\/2025\/07\/1090px-Place_de_la_Republique_December_11_2008-768x507.jpg 768w, https:\/\/city-guide.info\/wp-content\/uploads\/2025\/07\/1090px-Place_de_la_Republique_December_11_2008-18x12.jpg 18w, https:\/\/city-guide.info\/wp-content\/uploads\/2025\/07\/1090px-Place_de_la_Republique_December_11_2008-600x396.jpg 600w, https:\/\/city-guide.info\/wp-content\/uploads\/2025\/07\/1090px-Place_de_la_Republique_December_11_2008.jpg 1090w\" sizes=\"auto, (max-width: 1024px) 100vw, 1024px\" \/><\/figure>\n\n\n\n<p><\/p>\n\n\n\n<p><strong>Plaza de la Rep\u00fablica<\/strong> es mucho m\u00e1s que un espacio urbano: es un <strong>un s\u00edmbolo vivo de la democracia francesa, del coraje y de la comunidad<\/strong>. A lo largo de los siglos, la plaza ha cambiado de funci\u00f3n y aspecto, pero siempre ha seguido siendo un lugar de encuentro. <strong>la sociedad se encuentra con la historia<\/strong>.<\/p>\n\n\n\n<p>Aqu\u00ed es donde los parisinos manifiestan sus opiniones, despiden a las v\u00edctimas de tr\u00e1gicos sucesos, celebran y debaten. El Monumento a Marianne no es s\u00f3lo un monumento, es una <strong>testigo mudo de las emociones de toda una naci\u00f3n<\/strong>. Y la plaza revitalizada, abierta y accesible a todos, demuestra que valores como <strong>libertad, igualdad y fraternidad<\/strong> siguen vivas, no s\u00f3lo en la Constituci\u00f3n, sino tambi\u00e9n en el espacio cotidiano.<\/p>\n\n\n\n<p>Hoy en d\u00eda, la Plaza de la Rep\u00fablica sigue siendo <strong>el coraz\u00f3n de la identidad parisina<\/strong> - un lugar donde la historia, el arte y la vida comunitaria crean un ambiente \u00fanico. Tanto si viene por primera vez como si vuelve por en\u00e9sima vez, esta plaza siempre le recordar\u00e1 lo que significa formar parte de una comunidad.<\/p>","protected":false},"excerpt":{"rendered":"<p>1\ufe0f\u20e3 Wprowadzenie \u2013 serce paryskiej to\u017csamo\u015bci Place de la R\u00e9publique to nie tylko jeden z najwi\u0119kszych plac\u00f3w w Pary\u017cu, ale [&hellip;]<\/p>","protected":false},"author":206,"featured_media":5202,"comment_status":"open","ping_status":"open","sticky":false,"template":"","format":"standard","meta":{"_acf_changed":false,"site-sidebar-layout":"default","site-content-layout":"","ast-site-content-layout":"default","site-content-style":"default","site-sidebar-style":"default","ast-global-header-display":"","ast-banner-title-visibility":"","ast-main-header-display":"","ast-hfb-above-header-display":"","ast-hfb-below-header-display":"","ast-hfb-mobile-header-display":"","site-post-title":"","ast-breadcrumbs-content":"","ast-featured-img":"","footer-sml-layout":"","theme-transparent-header-meta":"","adv-header-id-meta":"","stick-header-meta":"","header-above-stick-meta":"","header-main-stick-meta":"","header-below-stick-meta":"","astra-migrate-meta-layouts":"set","ast-page-background-enabled":"default","ast-page-background-meta":{"desktop":{"background-color":"var(--ast-global-color-4)","background-image":"","background-repeat":"repeat","background-position":"center center","background-size":"auto","background-attachment":"scroll","background-type":"","background-media":"","overlay-type":"","overlay-color":"","overlay-opacity":"","overlay-gradient":""},"tablet":{"background-color":"","background-image":"","background-repeat":"repeat","background-position":"center center","background-size":"auto","background-attachment":"scroll","background-type":"","background-media":"","overlay-type":"","overlay-color":"","overlay-opacity":"","overlay-gradient":""},"mobile":{"background-color":"","background-image":"","background-repeat":"repeat","background-position":"center center","background-size":"auto","background-attachment":"scroll","background-type":"","background-media":"","overlay-type":"","overlay-color":"","overlay-opacity":"","overlay-gradient":""}},"ast-content-background-meta":{"desktop":{"background-color":"var(--ast-global-color-5)","background-image":"","background-repeat":"repeat","background-position":"center center","background-size":"auto","background-attachment":"scroll","background-type":"","background-media":"","overlay-type":"","overlay-color":"","overlay-opacity":"","overlay-gradient":""},"tablet":{"background-color":"var(--ast-global-color-5)","background-image":"","background-repeat":"repeat","background-position":"center center","background-size":"auto","background-attachment":"scroll","background-type":"","background-media":"","overlay-type":"","overlay-color":"","overlay-opacity":"","overlay-gradient":""},"mobile":{"background-color":"var(--ast-global-color-5)","background-image":"","background-repeat":"repeat","background-position":"center center","background-size":"auto","background-attachment":"scroll","background-type":"","background-media":"","overlay-type":"","overlay-color":"","overlay-opacity":"","overlay-gradient":""}},"footnotes":""},"categories":[36],"tags":[234,90,232,223,236,215,219],"class_list":["post-5152","post","type-post","status-publish","format-standard","has-post-thumbnail","hentry","category-paryz","tag-architektura","tag-historia","tag-plac","tag-pomnik","tag-spacer","tag-ulica","tag-zabytek"],"acf":[],"_links":{"self":[{"href":"https:\/\/city-guide.info\/es\/wp-json\/wp\/v2\/posts\/5152","targetHints":{"allow":["GET"]}}],"collection":[{"href":"https:\/\/city-guide.info\/es\/wp-json\/wp\/v2\/posts"}],"about":[{"href":"https:\/\/city-guide.info\/es\/wp-json\/wp\/v2\/types\/post"}],"author":[{"embeddable":true,"href":"https:\/\/city-guide.info\/es\/wp-json\/wp\/v2\/users\/206"}],"replies":[{"embeddable":true,"href":"https:\/\/city-guide.info\/es\/wp-json\/wp\/v2\/comments?post=5152"}],"version-history":[{"count":0,"href":"https:\/\/city-guide.info\/es\/wp-json\/wp\/v2\/posts\/5152\/revisions"}],"wp:featuredmedia":[{"embeddable":true,"href":"https:\/\/city-guide.info\/es\/wp-json\/wp\/v2\/media\/5202"}],"wp:attachment":[{"href":"https:\/\/city-guide.info\/es\/wp-json\/wp\/v2\/media?parent=5152"}],"wp:term":[{"taxonomy":"category","embeddable":true,"href":"https:\/\/city-guide.info\/es\/wp-json\/wp\/v2\/categories?post=5152"},{"taxonomy":"post_tag","embeddable":true,"href":"https:\/\/city-guide.info\/es\/wp-json\/wp\/v2\/tags?post=5152"}],"curies":[{"name":"wp","href":"https:\/\/api.w.org\/{rel}","templated":true}]}}