{"id":5185,"date":"2025-07-24T09:43:50","date_gmt":"2025-07-24T07:43:50","guid":{"rendered":"https:\/\/city-guide.info\/?p=5185"},"modified":"2025-07-24T09:43:50","modified_gmt":"2025-07-24T07:43:50","slug":"plac-sw-piotra-w-rzymie-od-nerona-do-leona-xiv","status":"publish","type":"post","link":"https:\/\/city-guide.info\/fr\/la-place-saint-pierre-a-rome-de-neron-a-leon-xiv\/","title":{"rendered":"Place Saint-Pierre de Rome - de N\u00e9ron \u00e0 L\u00e9on XIV"},"content":{"rendered":"<h3 class=\"wp-block-heading\">1\ufe0f\u20e3 Introduction<\/h3>\n\n\n\n<figure class=\"wp-block-image size-large is-resized\"><img loading=\"lazy\" decoding=\"async\" width=\"1024\" height=\"683\" src=\"https:\/\/city-guide.info\/wp-content\/uploads\/2025\/07\/italy-rome-st-peter-s-square-seen-from-st-pete-2024-09-13-22-58-12-utc-1-1024x683.jpg\" alt=\"\" class=\"wp-image-5193\" style=\"width:681px;height:auto\" srcset=\"https:\/\/city-guide.info\/wp-content\/uploads\/2025\/07\/italy-rome-st-peter-s-square-seen-from-st-pete-2024-09-13-22-58-12-utc-1-1024x683.jpg 1024w, https:\/\/city-guide.info\/wp-content\/uploads\/2025\/07\/italy-rome-st-peter-s-square-seen-from-st-pete-2024-09-13-22-58-12-utc-1-300x200.jpg 300w, https:\/\/city-guide.info\/wp-content\/uploads\/2025\/07\/italy-rome-st-peter-s-square-seen-from-st-pete-2024-09-13-22-58-12-utc-1-768x512.jpg 768w, https:\/\/city-guide.info\/wp-content\/uploads\/2025\/07\/italy-rome-st-peter-s-square-seen-from-st-pete-2024-09-13-22-58-12-utc-1-1536x1024.jpg 1536w, https:\/\/city-guide.info\/wp-content\/uploads\/2025\/07\/italy-rome-st-peter-s-square-seen-from-st-pete-2024-09-13-22-58-12-utc-1-2048x1365.jpg 2048w, https:\/\/city-guide.info\/wp-content\/uploads\/2025\/07\/italy-rome-st-peter-s-square-seen-from-st-pete-2024-09-13-22-58-12-utc-1-18x12.jpg 18w, https:\/\/city-guide.info\/wp-content\/uploads\/2025\/07\/italy-rome-st-peter-s-square-seen-from-st-pete-2024-09-13-22-58-12-utc-1-600x400.jpg 600w\" sizes=\"auto, (max-width: 1024px) 100vw, 1024px\" \/><\/figure>\n\n\n\n<p><\/p>\n\n\n\n<p><strong>Place Saint-Pierre<\/strong> est aujourd'hui l'un des <em>les lieux les plus reconnaissables au monde<\/em> - le c\u0153ur du Vatican et le point central de p\u00e8lerinage pour les catholiques du monde entier. Cependant, avant de devenir un symbole de la foi et du pouvoir de la papaut\u00e9, elle a \u00e9t\u00e9 le t\u00e9moin d'\u00e9v\u00e9nements tr\u00e8s diff\u00e9rents.<\/p>\n\n\n\n<p>C'est ici, sur le <strong>Le cirque de N\u00e9ron<\/strong>Selon la tradition, saint Pierre y mourut. Une basilique a \u00e9t\u00e9 construite sur son tombeau, et une place s'est form\u00e9e autour - au fil des si\u00e8cles - qui impressionne aujourd'hui par sa colonnade monumentale et son symbolisme inhabituel.<\/p>\n\n\n\n<p>Dans les chapitres suivants, nous examinerons la transformation du lieu -. <em>depuis la pers\u00e9cution<\/em>de l'\u00e9poque des grands papes et des artistes jusqu'\u00e0 l'\u00e9poque des <strong>le Vatican moderne<\/strong> et l'importance du carr\u00e9 dans le monde d'aujourd'hui.<\/p>\n\n\n\n<hr class=\"wp-block-separator has-alpha-channel-opacity\"\/>\n\n\n\n<h3 class=\"wp-block-heading\">2\ufe0f\u20e3 La place Saint-Pierre aujourd'hui - le c\u0153ur de la chr\u00e9tient\u00e9<\/h3>\n\n\n\n<p>\ud83e\udd85 <strong>La place qui a vu passer Mussolini et Michel-Ange<\/strong><br>\ud83d\udc49<a href=\"https:\/\/city-guide.info\/fr\/piazza-venezia-in-romeo-mussolini-michal-angel-and-beyond\/\"> Piazza Venezia - le c\u0153ur monumental de Rome<\/a><\/p>\n\n\n\n<figure class=\"wp-block-image size-large is-resized\"><img loading=\"lazy\" decoding=\"async\" width=\"1024\" height=\"706\" src=\"https:\/\/city-guide.info\/wp-content\/uploads\/2025\/07\/st-peter-s-basilica-and-buildings-near-courtyard-2025-04-03-16-05-19-utc-1024x706.jpg\" alt=\"\" class=\"wp-image-5194\" style=\"width:648px;height:auto\" srcset=\"https:\/\/city-guide.info\/wp-content\/uploads\/2025\/07\/st-peter-s-basilica-and-buildings-near-courtyard-2025-04-03-16-05-19-utc-1024x706.jpg 1024w, https:\/\/city-guide.info\/wp-content\/uploads\/2025\/07\/st-peter-s-basilica-and-buildings-near-courtyard-2025-04-03-16-05-19-utc-300x207.jpg 300w, https:\/\/city-guide.info\/wp-content\/uploads\/2025\/07\/st-peter-s-basilica-and-buildings-near-courtyard-2025-04-03-16-05-19-utc-768x529.jpg 768w, https:\/\/city-guide.info\/wp-content\/uploads\/2025\/07\/st-peter-s-basilica-and-buildings-near-courtyard-2025-04-03-16-05-19-utc-1536x1058.jpg 1536w, https:\/\/city-guide.info\/wp-content\/uploads\/2025\/07\/st-peter-s-basilica-and-buildings-near-courtyard-2025-04-03-16-05-19-utc-2048x1411.jpg 2048w, https:\/\/city-guide.info\/wp-content\/uploads\/2025\/07\/st-peter-s-basilica-and-buildings-near-courtyard-2025-04-03-16-05-19-utc-18x12.jpg 18w, https:\/\/city-guide.info\/wp-content\/uploads\/2025\/07\/st-peter-s-basilica-and-buildings-near-courtyard-2025-04-03-16-05-19-utc-600x413.jpg 600w\" sizes=\"auto, (max-width: 1024px) 100vw, 1024px\" \/><\/figure>\n\n\n\n<p><\/p>\n\n\n\n<p>Aujourd'hui <strong>Place Saint-Pierre<\/strong> n'est pas seulement un joyau architectural, mais surtout une <em>un centre spirituel vivant<\/em> Des catholiques du monde entier. C'est un espace o\u00f9 la foi rencontre l'histoire et o\u00f9 le quotidien rencontre l'extraordinaire.<\/p>\n\n\n\n<p><strong>\ud83d\udca0 Les fonctions cl\u00e9s du carr\u00e9 aujourd'hui :<\/strong><\/p>\n\n\n\n<ul class=\"wp-block-list\">\n<li><strong>Messes et c\u00e9l\u00e9brations papales<\/strong><br>La place devient r\u00e9guli\u00e8rement le th\u00e9\u00e2tre d'\u00e9v\u00e9nements d'importance mondiale tels que No\u00ebl, P\u00e2ques et les b\u00e9atifications.<\/li>\n\n\n\n<li><strong>L'Ang\u00e9lus avec le Pape<\/strong><br>Chaque dimanche et jour de f\u00eate, les fid\u00e8les se rassemblent pour \u00e9couter les paroles du Saint-P\u00e8re depuis la fen\u00eatre du Palais apostolique.<\/li>\n\n\n\n<li><strong>Les \"bras de l'\u00c9glise\" symboliques<\/strong><br>La colonnade du Bernin englobe la place, cr\u00e9ant un sentiment de communaut\u00e9 et d'invitation - pour les croyants comme pour les curieux.<\/li>\n\n\n\n<li><strong>Un lieu de pri\u00e8re et de r\u00e9flexion quotidienne<\/strong><br>Malgr\u00e9 la foule, la place conserve son atmosph\u00e8re sacr\u00e9e. Le soir, lorsque la basilique est illumin\u00e9e, il r\u00e8gne un silence quasi mystique.<\/li>\n<\/ul>\n\n\n\n<p><strong>\ud83d\udca0 Centre architectural et spirituel :<\/strong><\/p>\n\n\n\n<ul class=\"wp-block-list\">\n<li>Au centre de la place se trouve le <strong>Ob\u00e9lisque d'H\u00e9liopolis<\/strong>qui se souvient encore de l'\u00e9poque des empereurs romains.<\/li>\n\n\n\n<li>Les b\u00e2timents environnants - basilique, palais et fontaines - forment un ensemble coh\u00e9rent d'une grande valeur artistique.<\/li>\n\n\n\n<li>La place sert \u00e9galement de <strong>un pont symbolique entre le Vatican et le monde<\/strong> - C'est l\u00e0 que commence souvent le p\u00e8lerinage de la foi.<\/li>\n<\/ul>\n\n\n\n<hr class=\"wp-block-separator has-alpha-channel-opacity\"\/>\n\n\n\n<h3 class=\"wp-block-heading\">3\ufe0f\u20e3 L'Antiquit\u00e9 - Les jardins d'Agrippine et le cirque de N\u00e9ron<\/h3>\n\n\n\n<p>\ud83c\udfa8 <strong>Le baroque dans toute sa splendeur<\/strong><br>\ud83d\udc49<a href=\"https:\/\/city-guide.info\/fr\/piazza-navona-la-plus-belle-place-de-rome\/\"> Piazza Navona - la plus belle place de Rome ?<\/a><\/p>\n\n\n\n<figure class=\"wp-block-image size-large is-resized\"><img loading=\"lazy\" decoding=\"async\" width=\"1024\" height=\"575\" src=\"https:\/\/city-guide.info\/wp-content\/uploads\/2025\/07\/1920px-St_Peters_Square_Vatican_City_-_April_2007-1024x575.jpg\" alt=\"\" class=\"wp-image-5191\" style=\"width:824px;height:auto\" srcset=\"https:\/\/city-guide.info\/wp-content\/uploads\/2025\/07\/1920px-St_Peters_Square_Vatican_City_-_April_2007-1024x575.jpg 1024w, https:\/\/city-guide.info\/wp-content\/uploads\/2025\/07\/1920px-St_Peters_Square_Vatican_City_-_April_2007-300x168.jpg 300w, https:\/\/city-guide.info\/wp-content\/uploads\/2025\/07\/1920px-St_Peters_Square_Vatican_City_-_April_2007-768x431.jpg 768w, https:\/\/city-guide.info\/wp-content\/uploads\/2025\/07\/1920px-St_Peters_Square_Vatican_City_-_April_2007-1536x862.jpg 1536w, https:\/\/city-guide.info\/wp-content\/uploads\/2025\/07\/1920px-St_Peters_Square_Vatican_City_-_April_2007-18x10.jpg 18w, https:\/\/city-guide.info\/wp-content\/uploads\/2025\/07\/1920px-St_Peters_Square_Vatican_City_-_April_2007-600x337.jpg 600w, https:\/\/city-guide.info\/wp-content\/uploads\/2025\/07\/1920px-St_Peters_Square_Vatican_City_-_April_2007.jpg 1920w\" sizes=\"auto, (max-width: 1024px) 100vw, 1024px\" \/><\/figure>\n\n\n\n<p><\/p>\n\n\n\n<p>Avant la construction de la basilique Saint-Pierre, l'emplacement de la place actuelle \u00e9tait tr\u00e8s diff\u00e9rent. Elle n'\u00e9tait pas encore un lieu de pri\u00e8re, mais appartenait au monde des <strong>Aristocratie romaine et empereurs<\/strong>.<\/p>\n\n\n\n<p>\ud83d\udca0 <strong>Jardins d'Agrippina<\/strong><br>Au premier si\u00e8cle de notre \u00e8re, le quartier appartenait \u00e0 Agrippine l'Ancienne, m\u00e8re de l'empereur Caligula. Il abritait une luxueuse villa entour\u00e9e de jardins, surplombant le Tibre. Bien que situ\u00e9 en dehors des murs de la ville, le site \u00e9tait prestigieux et appr\u00e9ci\u00e9 de l'\u00e9lite romaine.<\/p>\n\n\n\n<p>\ud83d\udca0 <strong>Le cirque de N\u00e9ron et la mort de saint Pierre<\/strong><br>Caligula commen\u00e7a la construction d'un cirque, que N\u00e9ron agrandit consid\u00e9rablement : une ar\u00e8ne pour les courses de chars et les spectacles publics y fut am\u00e9nag\u00e9e. C'est ce cirque qui est devenu le site <strong>le martyre de saint Pierre<\/strong>crucifi\u00e9 la t\u00eate en bas. Selon la tradition, sa croix se trouvait pr\u00e8s de l'ob\u00e9lisque qui se dresse aujourd'hui au milieu de la place.<\/p>\n\n\n\n<p>\ud83d\udca0 <strong>Naissance d'un lieu de culte<\/strong><br>Apr\u00e8s l'ex\u00e9cution, le corps de l'ap\u00f4tre fut d\u00e9pos\u00e9 sur la Via Cornelia, l'une des voies romaines passant devant le cirque. Le tombeau ne tarde pas \u00e0 attirer les premiers chr\u00e9tiens. Bien que le cadre soit encore profane et empreint de la cruaut\u00e9 de la Rome imp\u00e9riale, le site commence \u00e0 rev\u00eatir une signification spirituelle et devient le point de d\u00e9part d'un sanctuaire ult\u00e9rieur.<\/p>\n\n\n\n<hr class=\"wp-block-separator has-alpha-channel-opacity\"\/>\n\n\n\n<h3 class=\"wp-block-heading\">4\ufe0f\u20e3 Le martyre de saint Pierre et la fondation de la premi\u00e8re basilique<\/h3>\n\n\n\n<figure class=\"wp-block-image size-large\"><img loading=\"lazy\" decoding=\"async\" width=\"1024\" height=\"339\" src=\"https:\/\/city-guide.info\/wp-content\/uploads\/2025\/07\/1280px-Panorama_of_Saint_Peters_Square-1024x339.jpg\" alt=\"\" class=\"wp-image-5189\" srcset=\"https:\/\/city-guide.info\/wp-content\/uploads\/2025\/07\/1280px-Panorama_of_Saint_Peters_Square-1024x339.jpg 1024w, https:\/\/city-guide.info\/wp-content\/uploads\/2025\/07\/1280px-Panorama_of_Saint_Peters_Square-300x99.jpg 300w, https:\/\/city-guide.info\/wp-content\/uploads\/2025\/07\/1280px-Panorama_of_Saint_Peters_Square-768x254.jpg 768w, https:\/\/city-guide.info\/wp-content\/uploads\/2025\/07\/1280px-Panorama_of_Saint_Peters_Square-18x6.jpg 18w, https:\/\/city-guide.info\/wp-content\/uploads\/2025\/07\/1280px-Panorama_of_Saint_Peters_Square-600x199.jpg 600w, https:\/\/city-guide.info\/wp-content\/uploads\/2025\/07\/1280px-Panorama_of_Saint_Peters_Square.jpg 1280w\" sizes=\"auto, (max-width: 1024px) 100vw, 1024px\" \/><\/figure>\n\n\n\n<p><\/p>\n\n\n\n<p>La mort de saint Pierre a marqu\u00e9 le d\u00e9but de la transformation du site, qui est pass\u00e9 d'un lieu de pers\u00e9cution \u00e0 un centre spirituel de l'\u00c9glise naissante. Bien que, pendant les premi\u00e8res d\u00e9cennies, la tombe de l'ap\u00f4tre soit rest\u00e9e en dehors du courant principal de la vie religieuse, au fil du temps, elle a commenc\u00e9 \u00e0 attirer de plus en plus de fid\u00e8les qui souhaitaient v\u00e9n\u00e9rer sa m\u00e9moire.<\/p>\n\n\n\n<p>\ud83d\udca0 <strong>Le tombeau de Saint-Pierre comme destination de p\u00e8lerinage<\/strong><br>Les premiers chr\u00e9tiens consid\u00e9raient le lieu de s\u00e9pulture de Pierre comme sacr\u00e9. Malgr\u00e9 l'absence de b\u00e2timents monumentaux, le site gagnait en importance spirituelle : des inscriptions apparaissaient, des traces de la pr\u00e9sence de fid\u00e8les \u00e9taient visibles et le tombeau \u00e9tait de plus en plus v\u00e9n\u00e9r\u00e9.<\/p>\n\n\n\n<p>\ud83d\udca0 <strong>La basilique de Constantinople<\/strong><br>Au IVe si\u00e8cle, l'empereur Constantin le Grand, premier souverain de l'Empire \u00e0 reconna\u00eetre le christianisme, d\u00e9cide d'\u00e9riger un temple monumental sur la tombe de Pierre. La nouvelle basilique, construite entre 319 et 333, devait non seulement prot\u00e9ger le lieu de s\u00e9pulture, mais aussi devenir un nouveau centre de vie religieuse.<\/p>\n\n\n\n<p>\ud83d\udca0 <strong>L'architecture et la signification du nouveau temple<\/strong><br>La basilique constantinienne comportait cinq nefs, un atrium et un autel plac\u00e9 directement au-dessus du tombeau de saint Pierre. D\u00e8s le d\u00e9but, elle attire des foules de p\u00e8lerins, devenant le symbole de la victoire du christianisme sur le paganisme. C'est ce moment qui a marqu\u00e9 le d\u00e9but de la <strong>transformer le lieu du martyre en un espace de foi, de culte et d'esp\u00e9rance<\/strong>.<\/p>\n\n\n\n<hr class=\"wp-block-separator has-alpha-channel-opacity\"\/>\n\n\n\n<h3 class=\"wp-block-heading\">5\ufe0f\u20e3 L'\u00e9poque m\u00e9di\u00e9vale - les p\u00e8lerinages et le changement de visage de la place<\/h3>\n\n\n\n<p>\ud83d\udca7 <strong>La fontaine la plus magique du monde<\/strong><br>\ud83d\udc49 <a href=\"https:\/\/city-guide.info\/fr\/fontaine-de-trevi-a-romeo-ces-attractions-sont-a-voir-absolument\/\">Fontaine de Trevi - Jouer \u00e0 pile ou face et retourner \u00e0 Rome<\/a><\/p>\n\n\n\n<figure class=\"wp-block-image size-full is-resized\"><img loading=\"lazy\" decoding=\"async\" width=\"800\" height=\"600\" src=\"https:\/\/city-guide.info\/wp-content\/uploads\/2025\/07\/018ColonnatoSPietro.jpg\" alt=\"\" class=\"wp-image-5188\" style=\"width:652px;height:auto\" srcset=\"https:\/\/city-guide.info\/wp-content\/uploads\/2025\/07\/018ColonnatoSPietro.jpg 800w, https:\/\/city-guide.info\/wp-content\/uploads\/2025\/07\/018ColonnatoSPietro-300x225.jpg 300w, https:\/\/city-guide.info\/wp-content\/uploads\/2025\/07\/018ColonnatoSPietro-768x576.jpg 768w, https:\/\/city-guide.info\/wp-content\/uploads\/2025\/07\/018ColonnatoSPietro-16x12.jpg 16w, https:\/\/city-guide.info\/wp-content\/uploads\/2025\/07\/018ColonnatoSPietro-600x450.jpg 600w\" sizes=\"auto, (max-width: 800px) 100vw, 800px\" \/><\/figure>\n\n\n\n<p><\/p>\n\n\n\n<p>Au fil des si\u00e8cles, la basilique Saint-Pierre et ses environs ont pris une importance croissante dans le monde chr\u00e9tien. Au Moyen \u00c2ge, la place ne ressemblait pas encore \u00e0 ce que nous connaissons aujourd'hui : il s'agissait plut\u00f4t d'un cadre irr\u00e9gulier de temple, avec des b\u00e2timents \u00e0 vocation pratique et de p\u00e8lerinage.<\/p>\n\n\n\n<p>\ud83d\udca0 <strong>La basilique m\u00e9di\u00e9vale au centre du culte<\/strong><br>Si la basilique de l'\u00e9poque de Constantin a connu un d\u00e9clin technique au fil du temps, son r\u00f4le spirituel n'a fait que cro\u00eetre. Des milliers de p\u00e8lerins venus de toute l'Europe se rendaient au tombeau de saint Pierre, souvent apr\u00e8s des mois d'errance. Les fid\u00e8les y cherchaient le pardon, la b\u00e9n\u00e9diction et le soutien spirituel.<\/p>\n\n\n\n<p>\ud83d\udca0 <strong>Autour de la basilique et de la place<\/strong><br>De nombreuses auberges, des monast\u00e8res, des maisons pour le clerg\u00e9 et des postes de secours pour les nouveaux arrivants ont \u00e9t\u00e9 construits autour du temple. La place n'avait pas encore de forme fixe - c'\u00e9tait un espace ouvert, souvent encombr\u00e9, plein d'\u00e9tals et de gens. Son caract\u00e8re est plus pratique que figuratif.<\/p>\n\n\n\n<p>\ud83d\udca0 <strong>Symbolisme et politique<\/strong><br>Au cours du Moyen \u00c2ge, l'importance politique du site s'est \u00e9galement accrue. Les p\u00e8lerinages \u00e0 Rome \u00e9taient l'expression de l'unit\u00e9 avec la papaut\u00e9, et la pr\u00e9sence de fid\u00e8les de diff\u00e9rents pays renfor\u00e7ait le prestige du Saint-Si\u00e8ge. Au fil du temps, c'est ici que le centre spirituel du monde chr\u00e9tien a \u00e9t\u00e9 per\u00e7u, malgr\u00e9 les conditions simples et l'absence d'un cadre monumental.<\/p>\n\n\n\n<hr class=\"wp-block-separator has-alpha-channel-opacity\"\/>\n\n\n\n<h3 class=\"wp-block-heading\">6\ufe0f\u20e3 Renaissance et Baroque - les grandes reconstructions et le g\u00e9nie du Bernin<\/h3>\n\n\n\n<figure class=\"wp-block-image size-large is-resized\"><img loading=\"lazy\" decoding=\"async\" width=\"1024\" height=\"678\" src=\"https:\/\/city-guide.info\/wp-content\/uploads\/2025\/07\/1088px-Fresco_of_Piazza_S._Pietro-1024x678.jpg\" alt=\"\" class=\"wp-image-5187\" style=\"width:653px;height:auto\" srcset=\"https:\/\/city-guide.info\/wp-content\/uploads\/2025\/07\/1088px-Fresco_of_Piazza_S._Pietro-1024x678.jpg 1024w, https:\/\/city-guide.info\/wp-content\/uploads\/2025\/07\/1088px-Fresco_of_Piazza_S._Pietro-300x199.jpg 300w, https:\/\/city-guide.info\/wp-content\/uploads\/2025\/07\/1088px-Fresco_of_Piazza_S._Pietro-768x508.jpg 768w, https:\/\/city-guide.info\/wp-content\/uploads\/2025\/07\/1088px-Fresco_of_Piazza_S._Pietro-18x12.jpg 18w, https:\/\/city-guide.info\/wp-content\/uploads\/2025\/07\/1088px-Fresco_of_Piazza_S._Pietro-600x397.jpg 600w, https:\/\/city-guide.info\/wp-content\/uploads\/2025\/07\/1088px-Fresco_of_Piazza_S._Pietro.jpg 1088w\" sizes=\"auto, (max-width: 1024px) 100vw, 1024px\" \/><\/figure>\n\n\n\n<p><\/p>\n\n\n\n<p>L'effondrement de l'ordre m\u00e9di\u00e9val et l'arriv\u00e9e de la Renaissance ont apport\u00e9 un nouveau regard sur l'art, l'architecture et le r\u00f4le de l'\u00c9glise. La basilique Saint-Pierre, structure vieillissante et en d\u00e9clin datant de l'\u00e9poque de Constantin, ne correspond plus aux ambitions des papes et au nouvel esprit de l'\u00e9poque.<\/p>\n\n\n\n<p>\ud83d\udca0 <strong>R\u00e9am\u00e9nagement de la basilique - un nouveau d\u00e9part<\/strong><br>En 1506, le pape Jules II lance la construction d'un nouveau temple, plus puissant, plus beau et digne du tombeau de saint Pierre. Les travaux durent plus d'un si\u00e8cle et mobilisent les plus grands artistes de l'\u00e9poque : <strong>Bramante, Rapha\u00ebl, Michel-Ange<\/strong> i <strong>Carla Maderna<\/strong>. Leur \u0153uvre n'est pas seulement une coupole monumentale, mais aussi des proportions nouvelles et un \u00e9lan in\u00e9dit en Europe.<\/p>\n\n\n\n<p>\ud83d\udca0 <strong>La place entre les mains du Bernin<\/strong><br>Au XVIIe si\u00e8cle, le pape Alexandre VII a confi\u00e9 \u00e0 la <strong>Gianlorenz Bernini<\/strong> Le Bernin a con\u00e7u une place correspondant \u00e0 la taille et au symbolisme de la nouvelle basilique. Le Bernin a imagin\u00e9 une colonnade rappelant les bras de l'\u00c9glise m\u00e8re, entourant les fid\u00e8les. <strong>La place Saint-Pierre a acquis sa forme ovale caract\u00e9ristique<\/strong>Les p\u00e8lerins sont accueillis \u00e0 bras ouverts.<\/p>\n\n\n\n<p>\ud83d\udca0 <strong>Harmonie des arts et des id\u00e9es<\/strong><br>L'ensemble - basilique, colonnade, ob\u00e9lisque et fontaines - a \u00e9t\u00e9 subordonn\u00e9 \u00e0 une seule id\u00e9e : <strong>l'unit\u00e9 de l'\u00c9glise, la foi et la beaut\u00e9<\/strong>. La place cesse d'\u00eatre un espace utilitaire et devient le th\u00e9\u00e2tre d'\u00e9v\u00e9nements spirituels, de manifestations religieuses et de discours pontificaux. Gr\u00e2ce au Bernin, la place a acquis une forme intemporelle qui ravit encore aujourd'hui.<\/p>\n\n\n\n<hr class=\"wp-block-separator has-alpha-channel-opacity\"\/>\n\n\n\n<h3 class=\"wp-block-heading\">7\ufe0f\u20e3 L\u00e9on XIV et la place comme symbole de l'\u00c9glise dans le monde moderne<\/h3>\n\n\n\n<figure class=\"wp-block-image size-large is-resized\"><img loading=\"lazy\" decoding=\"async\" width=\"768\" height=\"1024\" src=\"https:\/\/city-guide.info\/wp-content\/uploads\/2025\/07\/Fontanna_Watykan-1-768x1024.jpg\" alt=\"\" class=\"wp-image-5198\" style=\"width:440px;height:auto\" srcset=\"https:\/\/city-guide.info\/wp-content\/uploads\/2025\/07\/Fontanna_Watykan-1-768x1024.jpg 768w, https:\/\/city-guide.info\/wp-content\/uploads\/2025\/07\/Fontanna_Watykan-1-225x300.jpg 225w, https:\/\/city-guide.info\/wp-content\/uploads\/2025\/07\/Fontanna_Watykan-1-9x12.jpg 9w, https:\/\/city-guide.info\/wp-content\/uploads\/2025\/07\/Fontanna_Watykan-1-600x800.jpg 600w, https:\/\/city-guide.info\/wp-content\/uploads\/2025\/07\/Fontanna_Watykan-1.jpg 960w\" sizes=\"auto, (max-width: 768px) 100vw, 768px\" \/><\/figure>\n\n\n\n<p><\/p>\n\n\n\n<p>Les XIXe et XXe si\u00e8cles ont \u00e9t\u00e9 marqu\u00e9s par des changements rapides, tant sur le plan politique que social. Dans ce nouveau monde <strong>Place Saint-Pierre<\/strong> a acquis une importance non seulement religieuse, mais aussi symbolique et m\u00e9diatique. Elle a \u00e9t\u00e9 le t\u00e9moin de transformations qui ont red\u00e9fini les relations entre l'\u00c9glise et le monde s\u00e9culier.<\/p>\n\n\n\n<p>\ud83d\udca0 <strong>De la perte de pouvoir au leadership spirituel<\/strong><br>Apr\u00e8s l'unification de l'Italie et la perte de l'\u00c9tat eccl\u00e9siastique, le Vatican est devenu une enclave et les papes - pendant des d\u00e9cennies - n'ont pas quitt\u00e9 ses murs. La situation n'a chang\u00e9 qu'en 1929, lorsque la signature de l'accord de libre-\u00e9change entre l'Union europ\u00e9enne et l'Union europ\u00e9enne (UE) a eu lieu. <strong>Trait\u00e9s du Latran<\/strong>reconnaissant l'ind\u00e9pendance du Vatican. La place devient alors une \"fronti\u00e8re\" symbolique - entre l'ind\u00e9pendance spirituelle et le monde ext\u00e9rieur s\u00e9culier.<\/p>\n\n\n\n<p>\ud83d\udca0 <strong>Le pontificat de L\u00e9on XIII et de ses successeurs<\/strong><br>Bien que le pape L\u00e9on XIII soit encore une figure de la fin du XIXe si\u00e8cle, c'est sous son pontificat que commence le dialogue moderne de l'\u00c9glise avec le monde nouveau : capitalisme, science, droits des travailleurs. La place Saint-Pierre n'est plus seulement un lieu de p\u00e8lerinage, elle devient le th\u00e9\u00e2tre de d\u00e9clarations sur l'avenir de l'Europe. <strong>une port\u00e9e morale et sociale mondiale<\/strong>.<\/p>\n\n\n\n<p>\ud83d\udca0 <strong>La place comme fen\u00eatre sur le monde<\/strong><br>Au cours des XXe et XXIe si\u00e8cles, des millions de personnes ont suivi les \u00e9v\u00e9nements qui se sont d\u00e9roul\u00e9s sur la place : inaugurations de pontificats, b\u00e9atifications, messes, discours de saint Jean-Paul II, de Beno\u00eet XVI ou de Fran\u00e7ois. Gr\u00e2ce aux retransmissions t\u00e9l\u00e9vis\u00e9es et \u00e0 Internet <strong>La place Saint-Pierre est devenue un lieu de rassemblement pour les fid\u00e8les du monde entier.<\/strong> - ind\u00e9pendamment des fronti\u00e8res, de la langue et de l'origine.<\/p>\n\n\n\n<hr class=\"wp-block-separator has-alpha-channel-opacity\"\/>\n\n\n\n<h3 class=\"wp-block-heading\">8\ufe0f\u20e3 La signification symbolique et spirituelle de la place au fil des si\u00e8cles<\/h3>\n\n\n\n<figure class=\"wp-block-embed is-type-video is-provider-youtube wp-block-embed-youtube wp-embed-aspect-16-9 wp-has-aspect-ratio\"><div class=\"wp-block-embed__wrapper\">\n<div class=\"ast-oembed-container\" style=\"height: 100%;\"><iframe loading=\"lazy\" title=\"La place du Vatican expliqu\u00e9e\" width=\"500\" height=\"281\" src=\"https:\/\/www.youtube.com\/embed\/jjuq8mcIXAA?feature=oembed\" frameborder=\"0\" allow=\"accelerometer; autoplay; clipboard-write; encrypted-media; gyroscope; picture-in-picture; web-share\" referrerpolicy=\"strict-origin-when-cross-origin\" allowfullscreen><\/iframe><\/div>\n<\/div><\/figure>\n\n\n\n<p><\/p>\n\n\n\n<p>La place Saint-Pierre n'est pas seulement un espace architectural ou un lieu de rassemblement liturgique. Sa signification va bien au-del\u00e0 des murs du Vatican. <strong>symbole universel<\/strong>qui s'adresse aux croyants et aux non-croyants, au clerg\u00e9 et aux la\u00efcs, aux habitants de l'Europe et des continents lointains.<\/p>\n\n\n\n<p>\ud83d\udca0 <strong>Une terre charg\u00e9e d'histoire et de sacrifices<\/strong><br>D\u00e8s l'origine, la place a \u00e9t\u00e9 associ\u00e9e au martyre : c'est ici, selon la tradition, que saint Pierre est mort. Sa tombe est devenue le point de r\u00e9f\u00e9rence de tout l'espace. Chaque pierre de la place est un rappel symbolique des racines du christianisme, du sacrifice, de la foi et de l'espoir.<\/p>\n\n\n\n<p>\ud83d\udca0 <strong>L'architecture comme message<\/strong><br>La colonnade du Bernin n'est pas seulement \u00e9tonnante par sa forme, elle est aussi porteuse d'une signification profonde. Ses \"bras\" tendus symbolisent les <strong>L'hospitalit\u00e9 de l'\u00c9glise<\/strong>qui souhaite accueillir toutes les personnes, ind\u00e9pendamment de leur pass\u00e9, de leur nationalit\u00e9 ou de leurs croyances. M\u00eame l'ob\u00e9lisque, autrefois pa\u00efen, a \u00e9t\u00e9 transform\u00e9 en un symbole de la paix. <strong>Signe chr\u00e9tien de la victoire de la foi<\/strong>.<\/p>\n\n\n\n<p>\ud83d\udca0 <strong>Centre spirituel de la communaut\u00e9 des croyants<\/strong><br>La place n'est pas seulement la toile de fond des c\u00e9l\u00e9brations papales. Pour de nombreux p\u00e8lerins, c'est le point culminant de leur cheminement spirituel, un lieu de pri\u00e8re, de recueillement et souvent de larmes d'\u00e9motion. Dans les moments historiques et dramatiques (comme la tentative d'assassinat de Jean-Paul II), elle est \u00e9galement devenue un espace de solidarit\u00e9 et d'unit\u00e9.<\/p>\n\n\n\n<hr class=\"wp-block-separator has-alpha-channel-opacity\"\/>\n\n\n\n<h3 class=\"wp-block-heading\">9\ufe0f\u20e3 La place Saint-Pierre dans l'art, la litt\u00e9rature et les m\u00e9dias<\/h3>\n\n\n\n<figure class=\"wp-block-image size-large is-resized\"><img loading=\"lazy\" decoding=\"async\" width=\"1024\" height=\"683\" src=\"https:\/\/city-guide.info\/wp-content\/uploads\/2025\/07\/1080px-Vatican_City_and_St._Peter_Square_evening_twilight_aerial_view-1-1024x683.jpg\" alt=\"\" class=\"wp-image-5195\" style=\"width:666px;height:auto\" srcset=\"https:\/\/city-guide.info\/wp-content\/uploads\/2025\/07\/1080px-Vatican_City_and_St._Peter_Square_evening_twilight_aerial_view-1-1024x683.jpg 1024w, https:\/\/city-guide.info\/wp-content\/uploads\/2025\/07\/1080px-Vatican_City_and_St._Peter_Square_evening_twilight_aerial_view-1-300x200.jpg 300w, https:\/\/city-guide.info\/wp-content\/uploads\/2025\/07\/1080px-Vatican_City_and_St._Peter_Square_evening_twilight_aerial_view-1-768x512.jpg 768w, https:\/\/city-guide.info\/wp-content\/uploads\/2025\/07\/1080px-Vatican_City_and_St._Peter_Square_evening_twilight_aerial_view-1-18x12.jpg 18w, https:\/\/city-guide.info\/wp-content\/uploads\/2025\/07\/1080px-Vatican_City_and_St._Peter_Square_evening_twilight_aerial_view-1-600x400.jpg 600w, https:\/\/city-guide.info\/wp-content\/uploads\/2025\/07\/1080px-Vatican_City_and_St._Peter_Square_evening_twilight_aerial_view-1.jpg 1080w\" sizes=\"auto, (max-width: 1024px) 100vw, 1024px\" \/><\/figure>\n\n\n\n<p><\/p>\n\n\n\n<p>La place Saint-Pierre n'est pas seulement un site religieux et historique. <strong>motif culturel<\/strong>qui inspire artistes, \u00e9crivains, cin\u00e9astes et journalistes depuis des si\u00e8cles. Sa monumentalit\u00e9, son symbolisme et sa pr\u00e9sence \u00e0 des moments cl\u00e9s de l'histoire en ont fait un \u00e9l\u00e9ment permanent de l'imaginaire collectif occidental.<\/p>\n\n\n\n<p>\ud83d\udca0 <strong>Inspiration pour l'art et la peinture<\/strong><br>Depuis la Renaissance, la place est repr\u00e9sent\u00e9e dans des gravures, des peintures et des fresques, souvent comme toile de fond pour des sc\u00e8nes religieuses ou des all\u00e9gories spirituelles. Les artistes ont \u00e9t\u00e9 particuli\u00e8rement attir\u00e9s par la <strong>La colonnade du Bernin<\/strong>La place a \u00e9t\u00e9 d\u00e9peinte comme un lieu de p\u00e8lerinage, avec les fa\u00e7ades majestueuses de la basilique et les foules de fid\u00e8les rassembl\u00e9es autour de l'ob\u00e9lisque. La place a \u00e9t\u00e9 repr\u00e9sent\u00e9e comme <strong>la porte de l'\u00e9ternit\u00e9<\/strong>L'espace ouvert entre le ciel et la terre.<\/p>\n\n\n\n<p>\ud83d\udca0 <strong>Pr\u00e9sence dans la litt\u00e9rature<\/strong><br>La place est \u00e9galement apparue dans des \u0153uvres litt\u00e9raires, qu'il s'agisse des m\u00e9moires spirituelles des p\u00e8lerins, des journaux intimes des secr\u00e9taires du pape ou des romans contemporains. Dans des livres tels que <em>Anges et d\u00e9mons<\/em> Dan Brown est le th\u00e9\u00e2tre d'\u00e9v\u00e9nements dramatiques au cours desquels le <strong>le sacr\u00e9 et le profane s'affrontent au c\u0153ur du christianisme<\/strong>.<\/p>\n\n\n\n<p>\ud83d\udca0 <strong>La place sous l'\u0153il des cam\u00e9ras et du monde entier<\/strong><br>\u00c0 l'\u00e8re des m\u00e9dias, la place Saint-Pierre est devenue un symbole mondial. Les \u00e9missions du Vatican - b\u00e9n\u00e9dictions papales, f\u00eates, annonces de conclaves - sont diffus\u00e9es sur les \u00e9crans de millions de personnes. La vue de la place est devenue un signe distinctif du Vatican, ainsi qu'un symbole de la paix et de la prosp\u00e9rit\u00e9. <strong>un symbole universel de spiritualit\u00e9 dans un monde de plus en plus domin\u00e9 par l'image<\/strong>.<\/p>\n\n\n\n<hr class=\"wp-block-separator has-alpha-channel-opacity\"\/>\n\n\n\n<h3 class=\"wp-block-heading\">\ud83d\udd1f R\u00e9sum\u00e9 - du lieu d'ex\u00e9cution au centre de la chr\u00e9tient\u00e9<\/h3>\n\n\n\n<p>La place Saint-Pierre de Rome est un lieu qui combine de mani\u00e8re unique <strong>histoire, foi, culture et identit\u00e9<\/strong>. Son histoire n'est pas seulement une histoire de changements architecturaux ou de d\u00e9cisions papales, c'est aussi un voyage symbolique de la trag\u00e9die \u00e0 l'espoir.<\/p>\n\n\n\n<p>\ud83d\udca0 <strong>Du cirque au sanctuaire<\/strong><br>D'abord lieu des jardins imp\u00e9riaux et du cirque, la place a \u00e9t\u00e9 le t\u00e9moin de la violente pers\u00e9cution des premiers chr\u00e9tiens. La mort de saint Pierre - juste \u00e0 c\u00f4t\u00e9 de l'ob\u00e9lisque actuel - a marqu\u00e9 le d\u00e9but de la transformation du site en un centre spirituel qui devait englober le monde entier \u00e0 terme.<\/p>\n\n\n\n<p>\ud83d\udca0 <strong>Des si\u00e8cles de changement et de vision cr\u00e9ative<\/strong><br>Depuis la premi\u00e8re basilique constantinienne, en passant par le p\u00e8lerinage m\u00e9di\u00e9val, la restauration de la Renaissance et la colonnade baroque, jusqu'\u00e0 l'\u00e9poque moderne, la place a continuellement chang\u00e9, mais a toujours gard\u00e9 un caract\u00e8re unique. <strong>son identit\u00e9 profonde<\/strong> comme lieu de rencontre entre l'homme et Dieu.<\/p>\n\n\n\n<p>\ud83d\udca0 <strong>Un lieu au-del\u00e0 des fronti\u00e8res<\/strong><br>Aujourd'hui, la place Saint-Pierre est un espace ouvert, tant sur le plan architectural que symbolique. C'est un lieu de communaut\u00e9, de pri\u00e8re et de r\u00e9flexion, mais aussi un lieu de vie. <strong>t\u00e9moin d'\u00e9v\u00e9nements \u00e0 l'\u00e9chelle mondiale<\/strong>. Que l'on arrive ici en tant que croyant, touriste, historien ou artiste, il est difficile de ne pas sentir que l'on se trouve au centre de quelque chose de plus grand qu'une simple structure en pierre.<\/p>","protected":false},"excerpt":{"rendered":"<p>1\ufe0f\u20e3 Introduction La place Saint-Pierre est aujourd'hui l'un des lieux les plus reconnaissables au monde - le c\u0153ur du Vatican et le point central de [...]<\/p>","protected":false},"author":206,"featured_media":5192,"comment_status":"open","ping_status":"open","sticky":false,"template":"","format":"standard","meta":{"_acf_changed":false,"site-sidebar-layout":"default","site-content-layout":"","ast-site-content-layout":"default","site-content-style":"default","site-sidebar-style":"default","ast-global-header-display":"","ast-banner-title-visibility":"","ast-main-header-display":"","ast-hfb-above-header-display":"","ast-hfb-below-header-display":"","ast-hfb-mobile-header-display":"","site-post-title":"","ast-breadcrumbs-content":"","ast-featured-img":"","footer-sml-layout":"","theme-transparent-header-meta":"","adv-header-id-meta":"","stick-header-meta":"","header-above-stick-meta":"","header-main-stick-meta":"","header-below-stick-meta":"","astra-migrate-meta-layouts":"set","ast-page-background-enabled":"default","ast-page-background-meta":{"desktop":{"background-color":"var(--ast-global-color-4)","background-image":"","background-repeat":"repeat","background-position":"center center","background-size":"auto","background-attachment":"scroll","background-type":"","background-media":"","overlay-type":"","overlay-color":"","overlay-opacity":"","overlay-gradient":""},"tablet":{"background-color":"","background-image":"","background-repeat":"repeat","background-position":"center center","background-size":"auto","background-attachment":"scroll","background-type":"","background-media":"","overlay-type":"","overlay-color":"","overlay-opacity":"","overlay-gradient":""},"mobile":{"background-color":"","background-image":"","background-repeat":"repeat","background-position":"center center","background-size":"auto","background-attachment":"scroll","background-type":"","background-media":"","overlay-type":"","overlay-color":"","overlay-opacity":"","overlay-gradient":""}},"ast-content-background-meta":{"desktop":{"background-color":"var(--ast-global-color-5)","background-image":"","background-repeat":"repeat","background-position":"center center","background-size":"auto","background-attachment":"scroll","background-type":"","background-media":"","overlay-type":"","overlay-color":"","overlay-opacity":"","overlay-gradient":""},"tablet":{"background-color":"var(--ast-global-color-5)","background-image":"","background-repeat":"repeat","background-position":"center center","background-size":"auto","background-attachment":"scroll","background-type":"","background-media":"","overlay-type":"","overlay-color":"","overlay-opacity":"","overlay-gradient":""},"mobile":{"background-color":"var(--ast-global-color-5)","background-image":"","background-repeat":"repeat","background-position":"center center","background-size":"auto","background-attachment":"scroll","background-type":"","background-media":"","overlay-type":"","overlay-color":"","overlay-opacity":"","overlay-gradient":""}},"footnotes":""},"categories":[38],"tags":[234,90,72,232,223,236,219],"class_list":["post-5185","post","type-post","status-publish","format-standard","has-post-thumbnail","hentry","category-rzym","tag-architektura","tag-historia","tag-kosciol","tag-plac","tag-pomnik","tag-spacer","tag-zabytek"],"acf":[],"_links":{"self":[{"href":"https:\/\/city-guide.info\/fr\/wp-json\/wp\/v2\/posts\/5185","targetHints":{"allow":["GET"]}}],"collection":[{"href":"https:\/\/city-guide.info\/fr\/wp-json\/wp\/v2\/posts"}],"about":[{"href":"https:\/\/city-guide.info\/fr\/wp-json\/wp\/v2\/types\/post"}],"author":[{"embeddable":true,"href":"https:\/\/city-guide.info\/fr\/wp-json\/wp\/v2\/users\/206"}],"replies":[{"embeddable":true,"href":"https:\/\/city-guide.info\/fr\/wp-json\/wp\/v2\/comments?post=5185"}],"version-history":[{"count":0,"href":"https:\/\/city-guide.info\/fr\/wp-json\/wp\/v2\/posts\/5185\/revisions"}],"wp:featuredmedia":[{"embeddable":true,"href":"https:\/\/city-guide.info\/fr\/wp-json\/wp\/v2\/media\/5192"}],"wp:attachment":[{"href":"https:\/\/city-guide.info\/fr\/wp-json\/wp\/v2\/media?parent=5185"}],"wp:term":[{"taxonomy":"category","embeddable":true,"href":"https:\/\/city-guide.info\/fr\/wp-json\/wp\/v2\/categories?post=5185"},{"taxonomy":"post_tag","embeddable":true,"href":"https:\/\/city-guide.info\/fr\/wp-json\/wp\/v2\/tags?post=5185"}],"curies":[{"name":"wp","href":"https:\/\/api.w.org\/{rel}","templated":true}]}}