{"id":5185,"date":"2025-07-24T09:43:50","date_gmt":"2025-07-24T07:43:50","guid":{"rendered":"https:\/\/city-guide.info\/?p=5185"},"modified":"2025-07-24T09:43:50","modified_gmt":"2025-07-24T07:43:50","slug":"plac-sw-piotra-w-rzymie-od-nerona-do-leona-xiv","status":"publish","type":"post","link":"https:\/\/city-guide.info\/sv\/petersplatsen-i-rom-fran-neron-till-leon-xiv\/","title":{"rendered":"Petersplatsen i Rom - fr\u00e5n Nero till Leo XIV"},"content":{"rendered":"<h3 class=\"wp-block-heading\">1\ufe0f\u20e3 Introduktion<\/h3>\n\n\n\n<figure class=\"wp-block-image size-large is-resized\"><img loading=\"lazy\" decoding=\"async\" width=\"1024\" height=\"683\" src=\"https:\/\/city-guide.info\/wp-content\/uploads\/2025\/07\/italy-rome-st-peter-s-square-seen-from-st-pete-2024-09-13-22-58-12-utc-1-1024x683.jpg\" alt=\"\" class=\"wp-image-5193\" style=\"width:681px;height:auto\" srcset=\"https:\/\/city-guide.info\/wp-content\/uploads\/2025\/07\/italy-rome-st-peter-s-square-seen-from-st-pete-2024-09-13-22-58-12-utc-1-1024x683.jpg 1024w, https:\/\/city-guide.info\/wp-content\/uploads\/2025\/07\/italy-rome-st-peter-s-square-seen-from-st-pete-2024-09-13-22-58-12-utc-1-300x200.jpg 300w, https:\/\/city-guide.info\/wp-content\/uploads\/2025\/07\/italy-rome-st-peter-s-square-seen-from-st-pete-2024-09-13-22-58-12-utc-1-768x512.jpg 768w, https:\/\/city-guide.info\/wp-content\/uploads\/2025\/07\/italy-rome-st-peter-s-square-seen-from-st-pete-2024-09-13-22-58-12-utc-1-1536x1024.jpg 1536w, https:\/\/city-guide.info\/wp-content\/uploads\/2025\/07\/italy-rome-st-peter-s-square-seen-from-st-pete-2024-09-13-22-58-12-utc-1-2048x1365.jpg 2048w, https:\/\/city-guide.info\/wp-content\/uploads\/2025\/07\/italy-rome-st-peter-s-square-seen-from-st-pete-2024-09-13-22-58-12-utc-1-18x12.jpg 18w, https:\/\/city-guide.info\/wp-content\/uploads\/2025\/07\/italy-rome-st-peter-s-square-seen-from-st-pete-2024-09-13-22-58-12-utc-1-600x400.jpg 600w\" sizes=\"auto, (max-width: 1024px) 100vw, 1024px\" \/><\/figure>\n\n\n\n<p><\/p>\n\n\n\n<p><strong>St Peter's Square<\/strong> \u00e4r idag en av <em>de mest igenk\u00e4nnliga platserna i v\u00e4rlden<\/em> - Vatikanens hj\u00e4rta och pilgrimsm\u00e5l f\u00f6r katoliker fr\u00e5n hela v\u00e4rlden. Men innan den blev en symbol f\u00f6r p\u00e5ved\u00f6mets tro och makt bevittnade den helt andra h\u00e4ndelser.<\/p>\n\n\n\n<p>Det \u00e4r h\u00e4r, p\u00e5 den <strong>Neros cirkus<\/strong>Enligt traditionen dog Sankt Peter. P\u00e5 hans grav byggdes en basilika och runt den bildades under \u00e5rhundradenas lopp ett torg som idag imponerar med sin monumentala kolonnad och ovanliga symbolik.<\/p>\n\n\n\n<p>I de f\u00f6ljande kapitlen kommer vi att titta p\u00e5 omvandlingen av webbplatsen -. <em>sedan f\u00f6rf\u00f6ljelsen<\/em>genom de stora p\u00e5varnas och konstn\u00e4rernas tid till <strong>den moderna Vatikanen<\/strong> och torgets betydelse i dagens v\u00e4rld.<\/p>\n\n\n\n<hr class=\"wp-block-separator has-alpha-channel-opacity\"\/>\n\n\n\n<h3 class=\"wp-block-heading\">2\ufe0f\u20e3 Petersplatsen idag - kristendomens hj\u00e4rta<\/h3>\n\n\n\n<p>\ud83e\udd85 <strong>Torget d\u00e4r Mussolini och Michelangelo m\u00f6ttes<\/strong><br>\ud83d\udc49<a href=\"https:\/\/city-guide.info\/sv\/piazza-venezia-i-romeo-mussolini-michal-angel-och-bortom\/\"> Piazza Venezia - Roms monumentala hj\u00e4rta<\/a><\/p>\n\n\n\n<figure class=\"wp-block-image size-large is-resized\"><img loading=\"lazy\" decoding=\"async\" width=\"1024\" height=\"706\" src=\"https:\/\/city-guide.info\/wp-content\/uploads\/2025\/07\/st-peter-s-basilica-and-buildings-near-courtyard-2025-04-03-16-05-19-utc-1024x706.jpg\" alt=\"\" class=\"wp-image-5194\" style=\"width:648px;height:auto\" srcset=\"https:\/\/city-guide.info\/wp-content\/uploads\/2025\/07\/st-peter-s-basilica-and-buildings-near-courtyard-2025-04-03-16-05-19-utc-1024x706.jpg 1024w, https:\/\/city-guide.info\/wp-content\/uploads\/2025\/07\/st-peter-s-basilica-and-buildings-near-courtyard-2025-04-03-16-05-19-utc-300x207.jpg 300w, https:\/\/city-guide.info\/wp-content\/uploads\/2025\/07\/st-peter-s-basilica-and-buildings-near-courtyard-2025-04-03-16-05-19-utc-768x529.jpg 768w, https:\/\/city-guide.info\/wp-content\/uploads\/2025\/07\/st-peter-s-basilica-and-buildings-near-courtyard-2025-04-03-16-05-19-utc-1536x1058.jpg 1536w, https:\/\/city-guide.info\/wp-content\/uploads\/2025\/07\/st-peter-s-basilica-and-buildings-near-courtyard-2025-04-03-16-05-19-utc-2048x1411.jpg 2048w, https:\/\/city-guide.info\/wp-content\/uploads\/2025\/07\/st-peter-s-basilica-and-buildings-near-courtyard-2025-04-03-16-05-19-utc-18x12.jpg 18w, https:\/\/city-guide.info\/wp-content\/uploads\/2025\/07\/st-peter-s-basilica-and-buildings-near-courtyard-2025-04-03-16-05-19-utc-600x413.jpg 600w\" sizes=\"auto, (max-width: 1024px) 100vw, 1024px\" \/><\/figure>\n\n\n\n<p><\/p>\n\n\n\n<p>Idag <strong>St Peter's Square<\/strong> \u00e4r inte bara en arkitektonisk p\u00e4rla, utan framf\u00f6r allt en <em>ett levande andligt centrum<\/em> Katoliker fr\u00e5n hela v\u00e4rlden. Det \u00e4r en plats d\u00e4r tro m\u00f6ter historia och d\u00e4r det vardagliga m\u00f6ter det extraordin\u00e4ra.<\/p>\n\n\n\n<p><strong>\ud83d\udca0 Torgets viktigaste funktioner idag:<\/strong><\/p>\n\n\n\n<ul class=\"wp-block-list\">\n<li><strong>P\u00e5vliga m\u00e4ssor och h\u00f6gtider<\/strong><br>Torget blir regelbundet sk\u00e5deplats f\u00f6r evenemang av global betydelse som jul, p\u00e5sk och saligf\u00f6rklaringar.<\/li>\n\n\n\n<li><strong>Angelus med p\u00e5ven<\/strong><br>Varje s\u00f6ndag och h\u00f6gtidsdag samlas de troende f\u00f6r att h\u00f6ra den Helige Faderns ord fr\u00e5n f\u00f6nstret i Apostoliska palatset.<\/li>\n\n\n\n<li><strong>Symboliska \"kyrkans armar\"<\/strong><br>Berninis kolonnad omsluter torget och skapar en k\u00e4nsla av gemenskap och inbjudan - f\u00f6r b\u00e5de troende och nyfikna.<\/li>\n\n\n\n<li><strong>En plats f\u00f6r daglig b\u00f6n och reflektion<\/strong><br>Trots folkmassorna beh\u00e5ller torget sin heliga atmosf\u00e4r. P\u00e5 kv\u00e4llen, n\u00e4r basilikan \u00e4r upplyst, r\u00e5der en n\u00e4stan mystisk tystnad.<\/li>\n<\/ul>\n\n\n\n<p><strong>\ud83d\udca0 Arkitektoniskt och andligt centrum:<\/strong><\/p>\n\n\n\n<ul class=\"wp-block-list\">\n<li>I mitten av torget ligger <strong>obelisken i Heliopolis<\/strong>som fortfarande minns de romerska kejsarnas tid.<\/li>\n\n\n\n<li>De omgivande byggnaderna - basilikan, palatsen och font\u00e4nerna - bildar en sammanh\u00e4ngande helhet av stort konstn\u00e4rligt v\u00e4rde.<\/li>\n\n\n\n<li>Torget fungerar ocks\u00e5 som en <strong>en symbolisk bro mellan Vatikanen och v\u00e4rlden<\/strong> - Det \u00e4r ofta h\u00e4r som trons pilgrimsf\u00e4rd b\u00f6rjar.<\/li>\n<\/ul>\n\n\n\n<hr class=\"wp-block-separator has-alpha-channel-opacity\"\/>\n\n\n\n<h3 class=\"wp-block-heading\">3\ufe0f\u20e3 Antiken - Agrippinas tr\u00e4dg\u00e5rdar och Neros cirkus<\/h3>\n\n\n\n<p>\ud83c\udfa8 <strong>Barock i sin fulla prakt<\/strong><br>\ud83d\udc49<a href=\"https:\/\/city-guide.info\/sv\/piazza-navona-det-vackraste-torget-i-rom\/\"> Piazza Navona - Roms vackraste torg?<\/a><\/p>\n\n\n\n<figure class=\"wp-block-image size-large is-resized\"><img loading=\"lazy\" decoding=\"async\" width=\"1024\" height=\"575\" src=\"https:\/\/city-guide.info\/wp-content\/uploads\/2025\/07\/1920px-St_Peters_Square_Vatican_City_-_April_2007-1024x575.jpg\" alt=\"\" class=\"wp-image-5191\" style=\"width:824px;height:auto\" srcset=\"https:\/\/city-guide.info\/wp-content\/uploads\/2025\/07\/1920px-St_Peters_Square_Vatican_City_-_April_2007-1024x575.jpg 1024w, https:\/\/city-guide.info\/wp-content\/uploads\/2025\/07\/1920px-St_Peters_Square_Vatican_City_-_April_2007-300x168.jpg 300w, https:\/\/city-guide.info\/wp-content\/uploads\/2025\/07\/1920px-St_Peters_Square_Vatican_City_-_April_2007-768x431.jpg 768w, https:\/\/city-guide.info\/wp-content\/uploads\/2025\/07\/1920px-St_Peters_Square_Vatican_City_-_April_2007-1536x862.jpg 1536w, https:\/\/city-guide.info\/wp-content\/uploads\/2025\/07\/1920px-St_Peters_Square_Vatican_City_-_April_2007-18x10.jpg 18w, https:\/\/city-guide.info\/wp-content\/uploads\/2025\/07\/1920px-St_Peters_Square_Vatican_City_-_April_2007-600x337.jpg 600w, https:\/\/city-guide.info\/wp-content\/uploads\/2025\/07\/1920px-St_Peters_Square_Vatican_City_-_April_2007.jpg 1920w\" sizes=\"auto, (max-width: 1024px) 100vw, 1024px\" \/><\/figure>\n\n\n\n<p><\/p>\n\n\n\n<p>Innan Peterskyrkan byggdes s\u00e5g omr\u00e5det kring dagens torg helt annorlunda ut. Det var \u00e4nnu inte en plats f\u00f6r b\u00f6n, utan tillh\u00f6rde den v\u00e4rld som <strong>Romersk aristokrati och kejsare<\/strong>.<\/p>\n\n\n\n<p>\ud83d\udca0 <strong>Agrippina tr\u00e4dg\u00e5rdar<\/strong><br>Under det f\u00f6rsta \u00e5rhundradet e.Kr. \u00e4gdes omr\u00e5det av Agrippina den \u00e4ldre, mor till kejsar Caligula. H\u00e4r fanns en lyxig villa omgiven av tr\u00e4dg\u00e5rdar med utsikt \u00f6ver Tibern. Trots att platsen l\u00e5g utanf\u00f6r stadsmuren var den prestigefylld och uppskattad av den romerska eliten.<\/p>\n\n\n\n<p>\ud83d\udca0 <strong>Neros cirkus och Sankt Petrus d\u00f6d<\/strong><br>Caligula p\u00e5b\u00f6rjade byggandet av en cirkus, som Nero utvidgade avsev\u00e4rt - en arena f\u00f6r vagnkappl\u00f6pningar och offentliga spektakel anlades h\u00e4r. Det var denna cirkus som blev platsen f\u00f6r <strong>Sankt Petrus martyrd\u00f6d<\/strong>korsf\u00e4st med huvudet ned\u00e5t. Enligt traditionen stod hans kors n\u00e4ra den obelisk som idag st\u00e5r mitt p\u00e5 torget.<\/p>\n\n\n\n<p>\ud83d\udca0 <strong>F\u00f6delse av en gudstj\u00e4nstlokal<\/strong><br>Efter avr\u00e4ttningen lades apostelns kropp till vila p\u00e5 Via Cornelia - en av de romerska v\u00e4gar som g\u00e5r f\u00f6rbi cirkusen. Graven b\u00f6rjade snart locka till sig de f\u00f6rsta kristna. \u00c4ven om milj\u00f6n fortfarande var v\u00e4rldslig och full av det kejserliga Roms grymhet, b\u00f6rjade platsen f\u00e5 en andlig betydelse och blev b\u00f6rjan till en senare helgedom.<\/p>\n\n\n\n<hr class=\"wp-block-separator has-alpha-channel-opacity\"\/>\n\n\n\n<h3 class=\"wp-block-heading\">4\ufe0f\u20e3 S:t Petrus martyrd\u00f6d och grundandet av den f\u00f6rsta basilikan<\/h3>\n\n\n\n<figure class=\"wp-block-image size-large\"><img loading=\"lazy\" decoding=\"async\" width=\"1024\" height=\"339\" src=\"https:\/\/city-guide.info\/wp-content\/uploads\/2025\/07\/1280px-Panorama_of_Saint_Peters_Square-1024x339.jpg\" alt=\"\" class=\"wp-image-5189\" srcset=\"https:\/\/city-guide.info\/wp-content\/uploads\/2025\/07\/1280px-Panorama_of_Saint_Peters_Square-1024x339.jpg 1024w, https:\/\/city-guide.info\/wp-content\/uploads\/2025\/07\/1280px-Panorama_of_Saint_Peters_Square-300x99.jpg 300w, https:\/\/city-guide.info\/wp-content\/uploads\/2025\/07\/1280px-Panorama_of_Saint_Peters_Square-768x254.jpg 768w, https:\/\/city-guide.info\/wp-content\/uploads\/2025\/07\/1280px-Panorama_of_Saint_Peters_Square-18x6.jpg 18w, https:\/\/city-guide.info\/wp-content\/uploads\/2025\/07\/1280px-Panorama_of_Saint_Peters_Square-600x199.jpg 600w, https:\/\/city-guide.info\/wp-content\/uploads\/2025\/07\/1280px-Panorama_of_Saint_Peters_Square.jpg 1280w\" sizes=\"auto, (max-width: 1024px) 100vw, 1024px\" \/><\/figure>\n\n\n\n<p><\/p>\n\n\n\n<p>Petrus d\u00f6d inledde omvandlingen av platsen fr\u00e5n en arena f\u00f6r f\u00f6rf\u00f6ljelse till ett andligt centrum f\u00f6r den framv\u00e4xande kyrkan. \u00c4ven om apostelns grav under de f\u00f6rsta \u00e5rtiondena l\u00e5g utanf\u00f6r det religi\u00f6sa livets huvudf\u00e5ra, b\u00f6rjade den med tiden locka till sig allt fler troende som ville v\u00f6rda hans minne.<\/p>\n\n\n\n<p>\ud83d\udca0 <strong>S:t Peters grav som pilgrimsm\u00e5l<\/strong><br>De f\u00f6rsta kristna betraktade Petrus gravplats som helig. Trots avsaknaden av monumentala byggnader fick platsen allt st\u00f6rre andlig betydelse - inskriptioner d\u00f6k upp, det fanns sp\u00e5r av de troendes n\u00e4rvaro och graven h\u00f6lls i allt st\u00f6rre v\u00f6rdnad.<\/p>\n\n\n\n<p>\ud83d\udca0 <strong>Konstantinska basilikan<\/strong><br>P\u00e5 400-talet beslutade kejsar Konstantin den store, som var den f\u00f6rste h\u00e4rskaren i imperiet som erk\u00e4nde kristendomen, att uppf\u00f6ra ett monumentalt tempel \u00f6ver Petrus grav. Den nya basilikan, som byggdes mellan 319 och 333, skulle inte bara skydda gravplatsen utan ocks\u00e5 bli ett nytt centrum f\u00f6r det religi\u00f6sa livet.<\/p>\n\n\n\n<p>\ud83d\udca0 <strong>Det nya templets arkitektur och betydelse<\/strong><br>Den konstantinska basilikan hade fem skepp, ett atrium och ett altare placerat direkt ovanf\u00f6r Sankt Peters grav. Redan fr\u00e5n b\u00f6rjan drog den till sig m\u00e4ngder av pilgrimer och blev en symbol f\u00f6r kristendomens seger \u00f6ver hedendomen. Det var detta \u00f6gonblick som markerade b\u00f6rjan p\u00e5 <strong>f\u00f6rvandla martyrplatsen till ett rum f\u00f6r tro, tillbedjan och hopp<\/strong>.<\/p>\n\n\n\n<hr class=\"wp-block-separator has-alpha-channel-opacity\"\/>\n\n\n\n<h3 class=\"wp-block-heading\">5\ufe0f\u20e3 Medeltiden - pilgrimsf\u00e4rder och torgets f\u00f6r\u00e4ndrade utseende<\/h3>\n\n\n\n<p>\ud83d\udca7 <strong>V\u00e4rldens mest magiska font\u00e4n<\/strong><br>\ud83d\udc49 <a href=\"https:\/\/city-guide.info\/sv\/fontanen-di-trevi-i-romeo-dessa-attraktioner-ar-ett-maste-att-se\/\">Trevifont\u00e4nen - kasta ett mynt och \u00e5terv\u00e4nd till Rom<\/a><\/p>\n\n\n\n<figure class=\"wp-block-image size-full is-resized\"><img loading=\"lazy\" decoding=\"async\" width=\"800\" height=\"600\" src=\"https:\/\/city-guide.info\/wp-content\/uploads\/2025\/07\/018ColonnatoSPietro.jpg\" alt=\"\" class=\"wp-image-5188\" style=\"width:652px;height:auto\" srcset=\"https:\/\/city-guide.info\/wp-content\/uploads\/2025\/07\/018ColonnatoSPietro.jpg 800w, https:\/\/city-guide.info\/wp-content\/uploads\/2025\/07\/018ColonnatoSPietro-300x225.jpg 300w, https:\/\/city-guide.info\/wp-content\/uploads\/2025\/07\/018ColonnatoSPietro-768x576.jpg 768w, https:\/\/city-guide.info\/wp-content\/uploads\/2025\/07\/018ColonnatoSPietro-16x12.jpg 16w, https:\/\/city-guide.info\/wp-content\/uploads\/2025\/07\/018ColonnatoSPietro-600x450.jpg 600w\" sizes=\"auto, (max-width: 800px) 100vw, 800px\" \/><\/figure>\n\n\n\n<p><\/p>\n\n\n\n<p>Under \u00e5rhundradenas lopp blev Peterskyrkan och det omgivande omr\u00e5det allt viktigare f\u00f6r den kristna v\u00e4rlden. Under medeltiden liknade torget \u00e4nnu inte det vi k\u00e4nner till idag - det var mer av en oregelbunden tempelmilj\u00f6 med byggnader av praktisk och pilgrimsm\u00e4ssig karakt\u00e4r.<\/p>\n\n\n\n<p>\ud83d\udca0 <strong>Medeltida basilika i centrum f\u00f6r tillbedjan<\/strong><br>\u00c4ven om basilikan fr\u00e5n Konstantins tid tekniskt sett minskade med tiden, v\u00e4xte dess andliga roll bara. Tusentals pilgrimer fr\u00e5n hela Europa begav sig till S:t Peters grav, ofta efter m\u00e5nader av vandring. H\u00e4r s\u00f6kte de troende f\u00f6rl\u00e5telse, v\u00e4lsignelse och andligt st\u00f6d.<\/p>\n\n\n\n<p>\ud83d\udca0 <strong>Omkring basilikan och torget<\/strong><br>Runt templet byggdes m\u00e5nga vandrarhem, kloster, hus f\u00f6r pr\u00e4sterskapet och hj\u00e4lpstationer f\u00f6r nyanl\u00e4nda. Torget hade \u00e4nnu inte n\u00e5gon fast form - det var en \u00f6ppen plats, ofta full av folk och st\u00e5nd. Dess karakt\u00e4r var mer praktisk \u00e4n representativ.<\/p>\n\n\n\n<p>\ud83d\udca0 <strong>Symbolik och politik<\/strong><br>Under medeltiden v\u00e4xte ocks\u00e5 platsens politiska betydelse. Pilgrimsf\u00e4rderna till Rom var ett uttryck f\u00f6r samh\u00f6righet med p\u00e5ved\u00f6met och n\u00e4rvaron av troende fr\u00e5n olika l\u00e4nder st\u00e4rkte den Heliga Stolens prestige. Med tiden var det h\u00e4r som den kristna v\u00e4rldens andliga centrum kom att synas - trots de enkla f\u00f6rh\u00e5llandena och avsaknaden av en monumental inramning.<\/p>\n\n\n\n<hr class=\"wp-block-separator has-alpha-channel-opacity\"\/>\n\n\n\n<h3 class=\"wp-block-heading\">6\ufe0f\u20e3 Ren\u00e4ssans och barock - stora ombyggnader och Berninis genialitet<\/h3>\n\n\n\n<figure class=\"wp-block-image size-large is-resized\"><img loading=\"lazy\" decoding=\"async\" width=\"1024\" height=\"678\" src=\"https:\/\/city-guide.info\/wp-content\/uploads\/2025\/07\/1088px-Fresco_of_Piazza_S._Pietro-1024x678.jpg\" alt=\"\" class=\"wp-image-5187\" style=\"width:653px;height:auto\" srcset=\"https:\/\/city-guide.info\/wp-content\/uploads\/2025\/07\/1088px-Fresco_of_Piazza_S._Pietro-1024x678.jpg 1024w, https:\/\/city-guide.info\/wp-content\/uploads\/2025\/07\/1088px-Fresco_of_Piazza_S._Pietro-300x199.jpg 300w, https:\/\/city-guide.info\/wp-content\/uploads\/2025\/07\/1088px-Fresco_of_Piazza_S._Pietro-768x508.jpg 768w, https:\/\/city-guide.info\/wp-content\/uploads\/2025\/07\/1088px-Fresco_of_Piazza_S._Pietro-18x12.jpg 18w, https:\/\/city-guide.info\/wp-content\/uploads\/2025\/07\/1088px-Fresco_of_Piazza_S._Pietro-600x397.jpg 600w, https:\/\/city-guide.info\/wp-content\/uploads\/2025\/07\/1088px-Fresco_of_Piazza_S._Pietro.jpg 1088w\" sizes=\"auto, (max-width: 1024px) 100vw, 1024px\" \/><\/figure>\n\n\n\n<p><\/p>\n\n\n\n<p>Den medeltida ordningens kollaps och ren\u00e4ssansens int\u00e5g medf\u00f6rde en ny syn p\u00e5 konst, arkitektur och kyrkans roll. Peterskyrkan - en \u00e5ldrande och f\u00f6rfallande byggnad fr\u00e5n Konstantins tid - passade inte l\u00e4ngre p\u00e5varnas ambitioner och den nya tidsandan.<\/p>\n\n\n\n<p>\ud83d\udca0 <strong>Ombyggnad av basilikan - en ny b\u00f6rjan<\/strong><br>\u00c5r 1506 inledde p\u00e5ven Julius II byggandet av ett nytt tempel som skulle bli m\u00e4ktigare, vackrare och v\u00e4rdigare \u00e4n S:t Peters grav. Arbetet tog mer \u00e4n ett sekel och involverade den tidens st\u00f6rsta konstn\u00e4rer: <strong>Bramante, Raphael, Michelangelo<\/strong> i <strong>Carla Maderna<\/strong>. Deras verk var inte bara en monumental kupol, utan ocks\u00e5 nya proportioner och ett momentum som inte tidigare sk\u00e5dats i Europa.<\/p>\n\n\n\n<p>\ud83d\udca0 <strong>Torget i Berninis h\u00e4nder<\/strong><br>P\u00e5 1600-talet gav p\u00e5ven Alexander VII i uppdrag \u00e5t <strong>Gianlorenz Bernini<\/strong> att utforma ett torg som skulle matcha den nya basilikans storlek och symbolik. Bernini skapade en vision av en kolonnad som p\u00e5minde om moderkyrkans armar och som omgav de troende. <strong>Petersplatsen har f\u00e5tt sin karakt\u00e4ristiska ovala form<\/strong>med en \u00f6ppen arm som v\u00e4lkomnar pilgrimer.<\/p>\n\n\n\n<p>\ud83d\udca0 <strong>Harmoni mellan konst och id\u00e9er<\/strong><br>Helheten - basilikan, kolonnaden, obelisken och font\u00e4nerna - har underordnats en enda id\u00e9: <strong>kyrkans enhet, tro och sk\u00f6nhet<\/strong>. Torget upph\u00f6rde att bara vara ett anv\u00e4ndbart utrymme och blev en scen f\u00f6r andliga h\u00e4ndelser, religi\u00f6sa manifestationer och p\u00e5vliga tal. Tack vare Bernini fick platsen en tidl\u00f6s form som \u00e4n idag \u00e4r en fr\u00f6jd f\u00f6r \u00f6gat.<\/p>\n\n\n\n<hr class=\"wp-block-separator has-alpha-channel-opacity\"\/>\n\n\n\n<h3 class=\"wp-block-heading\">7\ufe0f\u20e3 Leo XIV och torget som symbol f\u00f6r kyrkan i den moderna v\u00e4rlden<\/h3>\n\n\n\n<figure class=\"wp-block-image size-large is-resized\"><img loading=\"lazy\" decoding=\"async\" width=\"768\" height=\"1024\" src=\"https:\/\/city-guide.info\/wp-content\/uploads\/2025\/07\/Fontanna_Watykan-1-768x1024.jpg\" alt=\"\" class=\"wp-image-5198\" style=\"width:440px;height:auto\" srcset=\"https:\/\/city-guide.info\/wp-content\/uploads\/2025\/07\/Fontanna_Watykan-1-768x1024.jpg 768w, https:\/\/city-guide.info\/wp-content\/uploads\/2025\/07\/Fontanna_Watykan-1-225x300.jpg 225w, https:\/\/city-guide.info\/wp-content\/uploads\/2025\/07\/Fontanna_Watykan-1-9x12.jpg 9w, https:\/\/city-guide.info\/wp-content\/uploads\/2025\/07\/Fontanna_Watykan-1-600x800.jpg 600w, https:\/\/city-guide.info\/wp-content\/uploads\/2025\/07\/Fontanna_Watykan-1.jpg 960w\" sizes=\"auto, (max-width: 768px) 100vw, 768px\" \/><\/figure>\n\n\n\n<p><\/p>\n\n\n\n<p>1800- och 1900-talen innebar snabba f\u00f6r\u00e4ndringar - b\u00e5de politiskt och socialt. I denna nya v\u00e4rld <strong>St Peter's Square<\/strong> fick inte bara religi\u00f6s betydelse, utan \u00e4ven symbolisk och medial betydelse. Den bevittnade omvandlingar som omdefinierade f\u00f6rh\u00e5llandet mellan kyrkan och den sekul\u00e4ra v\u00e4rlden.<\/p>\n\n\n\n<p>\ud83d\udca0 <strong>Fr\u00e5n maktf\u00f6rlust till andligt ledarskap<\/strong><br>Efter Italiens enande och f\u00f6rlusten av den kyrkliga staten blev Vatikanen en enklav och p\u00e5varna - under \u00e5rtionden - l\u00e4mnade inte dess murar. Situationen f\u00f6r\u00e4ndrades f\u00f6rst 1929, d\u00e5 undertecknandet av <strong>Lateranf\u00f6rdragen<\/strong>och erk\u00e4nde Vatikanens sj\u00e4lvst\u00e4ndighet. Torget blev d\u00e5 en symbolisk \"gr\u00e4ns - mellan det andliga oberoendet och den sekul\u00e4ra omv\u00e4rlden.<\/p>\n\n\n\n<p>\ud83d\udca0 <strong>Leo XIII:s pontifikat och hans eftertr\u00e4dare<\/strong><br>\u00c4ven om p\u00e5ven Leo XIII fortfarande var en person fr\u00e5n slutet av 1800-talet, var det under hans pontifikat som kyrkans moderna dialog med den nya v\u00e4rlden inleddes: kapitalism, vetenskap, arbetstagarnas r\u00e4ttigheter. Petersplatsen upph\u00f6rde att bara vara en plats f\u00f6r pilgrimsf\u00e4rder - den blev scenen f\u00f6r uttalanden om <strong>global moralisk och social r\u00e4ckvidd<\/strong>.<\/p>\n\n\n\n<p>\ud83d\udca0 <strong>Torget som ett f\u00f6nster mot v\u00e4rlden<\/strong><br>Under 1900- och 2000-talen har miljoner m\u00e4nniskor f\u00f6ljt h\u00e4ndelserna p\u00e5 torget: pontifikatsinvigningar, saligf\u00f6rklaringar, m\u00e4ssor, tal av Johannes Paulus II, Benedictus XVI eller Franciskus. Tack vare tv- och internets\u00e4ndningar <strong>Petersplatsen har blivit en samlande plats f\u00f6r de troende v\u00e4rlden \u00f6ver<\/strong> - oberoende av gr\u00e4nser, spr\u00e5k och ursprung.<\/p>\n\n\n\n<hr class=\"wp-block-separator has-alpha-channel-opacity\"\/>\n\n\n\n<h3 class=\"wp-block-heading\">8\ufe0f\u20e3 Torgets symboliska och andliga betydelse genom \u00e5rhundradena<\/h3>\n\n\n\n<figure class=\"wp-block-embed is-type-video is-provider-youtube wp-block-embed-youtube wp-embed-aspect-16-9 wp-has-aspect-ratio\"><div class=\"wp-block-embed__wrapper\">\n<div class=\"ast-oembed-container\" style=\"height: 100%;\"><iframe loading=\"lazy\" title=\"Vatikanens torg f\u00f6rklarat\" width=\"500\" height=\"281\" src=\"https:\/\/www.youtube.com\/embed\/jjuq8mcIXAA?feature=oembed\" frameborder=\"0\" allow=\"accelerometer; autoplay; clipboard-write; encrypted-media; gyroscope; picture-in-picture; web-share\" referrerpolicy=\"strict-origin-when-cross-origin\" allowfullscreen><\/iframe><\/div>\n<\/div><\/figure>\n\n\n\n<p><\/p>\n\n\n\n<p>Petersplatsen \u00e4r inte bara ett arkitektoniskt rum eller en plats f\u00f6r liturgiska sammankomster. Dess betydelse str\u00e4cker sig l\u00e5ngt bortom Vatikanens murar - det \u00e4r en <strong>universell symbol<\/strong>som tilltalar troende och icke-troende, pr\u00e4ster och lekm\u00e4n, inv\u00e5nare i Europa och avl\u00e4gsna kontinenter.<\/p>\n\n\n\n<p>\ud83d\udca0 <strong>Ett land genomsyrat av historia och uppoffringar<\/strong><br>Redan fr\u00e5n b\u00f6rjan f\u00f6rknippades torget med martyrskap - det var h\u00e4r som Sankt Peter enligt traditionen dog. Hans grav blev referenspunkten f\u00f6r hela platsen. Varje sten p\u00e5 torget \u00e4r en symbolisk p\u00e5minnelse om kristendomens r\u00f6tter - om uppoffring, tro och hopp.<\/p>\n\n\n\n<p>\ud83d\udca0 <strong>Arkitektur som budskap<\/strong><br>Berninis kolonnad \u00e4r inte bara fantastisk till sin form - den har ocks\u00e5 en djup inneb\u00f6rd. Dess utstr\u00e4ckta \"armar\" symboliserar den <strong>G\u00e4stfrihet i kyrkan<\/strong>som vill omfamna alla m\u00e4nniskor, oavsett f\u00f6rflutet, nationalitet eller trosuppfattning. \u00c4ven obelisken, som tidigare var hednisk, har f\u00f6rvandlats till en <strong>Kristet tecken p\u00e5 trons seger<\/strong>.<\/p>\n\n\n\n<p>\ud83d\udca0 <strong>Andligt centrum f\u00f6r de troendes gemenskap<\/strong><br>Torget \u00e4r inte bara en kuliss f\u00f6r p\u00e5vefirandet. F\u00f6r m\u00e5nga pilgrimer \u00e4r det h\u00f6jdpunkten p\u00e5 deras andliga resa - en plats f\u00f6r b\u00f6n, eftertanke och ofta t\u00e5rar av k\u00e4nslor. Vid historiska och dramatiska tillf\u00e4llen (som mordf\u00f6rs\u00f6ket p\u00e5 Johannes Paulus II) har det ocks\u00e5 blivit en plats f\u00f6r solidaritet och enighet.<\/p>\n\n\n\n<hr class=\"wp-block-separator has-alpha-channel-opacity\"\/>\n\n\n\n<h3 class=\"wp-block-heading\">9\ufe0f\u20e3 Petersplatsen i konst, litteratur och media<\/h3>\n\n\n\n<figure class=\"wp-block-image size-large is-resized\"><img loading=\"lazy\" decoding=\"async\" width=\"1024\" height=\"683\" src=\"https:\/\/city-guide.info\/wp-content\/uploads\/2025\/07\/1080px-Vatican_City_and_St._Peter_Square_evening_twilight_aerial_view-1-1024x683.jpg\" alt=\"\" class=\"wp-image-5195\" style=\"width:666px;height:auto\" srcset=\"https:\/\/city-guide.info\/wp-content\/uploads\/2025\/07\/1080px-Vatican_City_and_St._Peter_Square_evening_twilight_aerial_view-1-1024x683.jpg 1024w, https:\/\/city-guide.info\/wp-content\/uploads\/2025\/07\/1080px-Vatican_City_and_St._Peter_Square_evening_twilight_aerial_view-1-300x200.jpg 300w, https:\/\/city-guide.info\/wp-content\/uploads\/2025\/07\/1080px-Vatican_City_and_St._Peter_Square_evening_twilight_aerial_view-1-768x512.jpg 768w, https:\/\/city-guide.info\/wp-content\/uploads\/2025\/07\/1080px-Vatican_City_and_St._Peter_Square_evening_twilight_aerial_view-1-18x12.jpg 18w, https:\/\/city-guide.info\/wp-content\/uploads\/2025\/07\/1080px-Vatican_City_and_St._Peter_Square_evening_twilight_aerial_view-1-600x400.jpg 600w, https:\/\/city-guide.info\/wp-content\/uploads\/2025\/07\/1080px-Vatican_City_and_St._Peter_Square_evening_twilight_aerial_view-1.jpg 1080w\" sizes=\"auto, (max-width: 1024px) 100vw, 1024px\" \/><\/figure>\n\n\n\n<p><\/p>\n\n\n\n<p>Petersplatsen \u00e4r inte bara en religi\u00f6s och historisk plats - det \u00e4r ocks\u00e5 en <strong>kulturellt motiv<\/strong>som har inspirerat konstn\u00e4rer, f\u00f6rfattare, filmskapare och journalister i \u00e5rhundraden. Dess monumentalitet, symbolik och n\u00e4rvaro vid viktiga historiska \u00f6gonblick har gjort den till en permanent del av v\u00e4stv\u00e4rldens kollektiva f\u00f6rest\u00e4llningsv\u00e4rld.<\/p>\n\n\n\n<p>\ud83d\udca0 <strong>Inspiration f\u00f6r konst och m\u00e5leri<\/strong><br>Sedan ren\u00e4ssansen har torget avbildats i gravyrer, m\u00e5lningar och fresker - ofta som en bakgrund f\u00f6r religi\u00f6sa scener eller andliga allegorier. Konstn\u00e4rer var s\u00e4rskilt attraherade av <strong>Berninis kolonnad<\/strong>, basilikans majest\u00e4tiska fasader och skarorna av troende som samlades runt obelisken. Torget avbildades som <strong>porten till evigheten<\/strong>, det \u00f6ppna utrymmet mellan himmel och jord.<\/p>\n\n\n\n<p>\ud83d\udca0 <strong>F\u00f6rekomst i litteraturen<\/strong><br>Torget har ocks\u00e5 f\u00f6rekommit i litter\u00e4ra verk - fr\u00e5n pilgrimers andliga memoarer till p\u00e5vliga sekreterares dagb\u00f6cker till samtida romaner. I b\u00f6cker som <em>\u00c4nglar och demoner<\/em> Dan Brown agerar som sk\u00e5deplats f\u00f6r dramatiska h\u00e4ndelser d\u00e4r <strong>det heliga och det profana drabbar samman i kristendomens hj\u00e4rta<\/strong>.<\/p>\n\n\n\n<p>\ud83d\udca0 <strong>Torget i kamerornas och v\u00e4rldens blickf\u00e5ng<\/strong><br>I medie\u00e5ldern har Petersplatsen blivit en global symbol. S\u00e4ndningar fr\u00e5n Vatikanen - p\u00e5vliga v\u00e4lsignelser, h\u00f6gtider, konklavmeddelanden - n\u00e5r miljontals m\u00e4nniskor. Synen av torget har blivit ett k\u00e4nnetecken f\u00f6r Vatikanen, liksom en <strong>en universell symbol f\u00f6r andlighet i en v\u00e4rld som alltmer domineras av bilder<\/strong>.<\/p>\n\n\n\n<hr class=\"wp-block-separator has-alpha-channel-opacity\"\/>\n\n\n\n<h3 class=\"wp-block-heading\">\ud83d\udd1f Sammanfattning - fr\u00e5n avr\u00e4ttningsplatsen till kristendomens centrum<\/h3>\n\n\n\n<p>Petersplatsen i Rom \u00e4r en plats som p\u00e5 ett unikt s\u00e4tt kombinerar <strong>historia, tro, kultur och identitet<\/strong>. Dess historia \u00e4r inte bara en ber\u00e4ttelse om arkitektoniska f\u00f6r\u00e4ndringar eller p\u00e5vliga beslut - det \u00e4r ocks\u00e5 en symbolisk resa fr\u00e5n tragedi till hopp.<\/p>\n\n\n\n<p>\ud83d\udca0 <strong>Fr\u00e5n cirkus till fristad<\/strong><br>Fr\u00e5n att ha varit platsen f\u00f6r de kejserliga tr\u00e4dg\u00e5rdarna och cirkusen bevittnade torget den v\u00e5ldsamma f\u00f6rf\u00f6ljelsen av de f\u00f6rsta kristna. Petrus d\u00f6d - precis intill dagens obelisk - inledde omvandlingen av platsen till ett andligt centrum som med tiden skulle omfatta hela v\u00e4rlden.<\/p>\n\n\n\n<p>\ud83d\udca0 <strong>\u00c5rhundraden av f\u00f6r\u00e4ndring och kreativ vision<\/strong><br>Fr\u00e5n den f\u00f6rsta konstantinska basilikan, genom den medeltida pilgrimsf\u00e4rden, ren\u00e4ssansrestaureringen och barockkolonnaden, till modern tid, har torget st\u00e4ndigt f\u00f6r\u00e4ndrats, men alltid beh\u00e5llit en <strong>dess djupa identitet<\/strong> som en plats f\u00f6r m\u00f6tet mellan m\u00e4nniska och Gud.<\/p>\n\n\n\n<p>\ud83d\udca0 <strong>En plats bortom gr\u00e4nser<\/strong><br>Idag \u00e4r Petersplatsen en \u00f6ppen plats - b\u00e5de arkitektoniskt och symboliskt. Det \u00e4r en plats f\u00f6r gemenskap, b\u00f6n och reflektion, men ocks\u00e5 f\u00f6r <strong>vittne till h\u00e4ndelser p\u00e5 global niv\u00e5<\/strong>. Oavsett om man kommer hit som troende, turist, historiker eller konstn\u00e4r - det \u00e4r sv\u00e5rt att inte k\u00e4nna att man st\u00e5r i centrum av n\u00e5got st\u00f6rre \u00e4n bara en stenkonstruktion.<\/p>","protected":false},"excerpt":{"rendered":"<p>1\ufe0f\u20e3 Wst\u0119p Plac \u015awi\u0119tego Piotra to dzi\u015b jedno z najbardziej rozpoznawalnych miejsc na \u015bwiecie \u2013 serce Watykanu i g\u0142\u00f3wny punkt [&hellip;]<\/p>","protected":false},"author":206,"featured_media":5192,"comment_status":"open","ping_status":"open","sticky":false,"template":"","format":"standard","meta":{"_acf_changed":false,"site-sidebar-layout":"default","site-content-layout":"","ast-site-content-layout":"default","site-content-style":"default","site-sidebar-style":"default","ast-global-header-display":"","ast-banner-title-visibility":"","ast-main-header-display":"","ast-hfb-above-header-display":"","ast-hfb-below-header-display":"","ast-hfb-mobile-header-display":"","site-post-title":"","ast-breadcrumbs-content":"","ast-featured-img":"","footer-sml-layout":"","theme-transparent-header-meta":"","adv-header-id-meta":"","stick-header-meta":"","header-above-stick-meta":"","header-main-stick-meta":"","header-below-stick-meta":"","astra-migrate-meta-layouts":"set","ast-page-background-enabled":"default","ast-page-background-meta":{"desktop":{"background-color":"var(--ast-global-color-4)","background-image":"","background-repeat":"repeat","background-position":"center center","background-size":"auto","background-attachment":"scroll","background-type":"","background-media":"","overlay-type":"","overlay-color":"","overlay-opacity":"","overlay-gradient":""},"tablet":{"background-color":"","background-image":"","background-repeat":"repeat","background-position":"center center","background-size":"auto","background-attachment":"scroll","background-type":"","background-media":"","overlay-type":"","overlay-color":"","overlay-opacity":"","overlay-gradient":""},"mobile":{"background-color":"","background-image":"","background-repeat":"repeat","background-position":"center center","background-size":"auto","background-attachment":"scroll","background-type":"","background-media":"","overlay-type":"","overlay-color":"","overlay-opacity":"","overlay-gradient":""}},"ast-content-background-meta":{"desktop":{"background-color":"var(--ast-global-color-5)","background-image":"","background-repeat":"repeat","background-position":"center center","background-size":"auto","background-attachment":"scroll","background-type":"","background-media":"","overlay-type":"","overlay-color":"","overlay-opacity":"","overlay-gradient":""},"tablet":{"background-color":"var(--ast-global-color-5)","background-image":"","background-repeat":"repeat","background-position":"center center","background-size":"auto","background-attachment":"scroll","background-type":"","background-media":"","overlay-type":"","overlay-color":"","overlay-opacity":"","overlay-gradient":""},"mobile":{"background-color":"var(--ast-global-color-5)","background-image":"","background-repeat":"repeat","background-position":"center center","background-size":"auto","background-attachment":"scroll","background-type":"","background-media":"","overlay-type":"","overlay-color":"","overlay-opacity":"","overlay-gradient":""}},"footnotes":""},"categories":[38],"tags":[234,90,72,232,223,236,219],"class_list":["post-5185","post","type-post","status-publish","format-standard","has-post-thumbnail","hentry","category-rzym","tag-architektura","tag-historia","tag-kosciol","tag-plac","tag-pomnik","tag-spacer","tag-zabytek"],"acf":[],"_links":{"self":[{"href":"https:\/\/city-guide.info\/sv\/wp-json\/wp\/v2\/posts\/5185","targetHints":{"allow":["GET"]}}],"collection":[{"href":"https:\/\/city-guide.info\/sv\/wp-json\/wp\/v2\/posts"}],"about":[{"href":"https:\/\/city-guide.info\/sv\/wp-json\/wp\/v2\/types\/post"}],"author":[{"embeddable":true,"href":"https:\/\/city-guide.info\/sv\/wp-json\/wp\/v2\/users\/206"}],"replies":[{"embeddable":true,"href":"https:\/\/city-guide.info\/sv\/wp-json\/wp\/v2\/comments?post=5185"}],"version-history":[{"count":0,"href":"https:\/\/city-guide.info\/sv\/wp-json\/wp\/v2\/posts\/5185\/revisions"}],"wp:featuredmedia":[{"embeddable":true,"href":"https:\/\/city-guide.info\/sv\/wp-json\/wp\/v2\/media\/5192"}],"wp:attachment":[{"href":"https:\/\/city-guide.info\/sv\/wp-json\/wp\/v2\/media?parent=5185"}],"wp:term":[{"taxonomy":"category","embeddable":true,"href":"https:\/\/city-guide.info\/sv\/wp-json\/wp\/v2\/categories?post=5185"},{"taxonomy":"post_tag","embeddable":true,"href":"https:\/\/city-guide.info\/sv\/wp-json\/wp\/v2\/tags?post=5185"}],"curies":[{"name":"wp","href":"https:\/\/api.w.org\/{rel}","templated":true}]}}