{"id":5225,"date":"2025-07-25T08:59:51","date_gmt":"2025-07-25T06:59:51","guid":{"rendered":"https:\/\/city-guide.info\/?p=5225"},"modified":"2025-07-25T08:59:52","modified_gmt":"2025-07-25T06:59:52","slug":"wieza-eiffla-symbol-paryza-ktory-zna-caly-swiat","status":"publish","type":"post","link":"https:\/\/city-guide.info\/sv\/eiffeltornet-symbolen-for-paris-som-hela-varlden-kanner-till\/","title":{"rendered":"Eiffeltornet - en symbol f\u00f6r Paris som hela v\u00e4rlden k\u00e4nner till"},"content":{"rendered":"<h3 class=\"wp-block-heading\">1\ufe0f\u20e3 Introduktion<\/h3>\n\n\n\n<figure class=\"wp-block-image size-large is-resized\"><img loading=\"lazy\" decoding=\"async\" width=\"1024\" height=\"683\" src=\"https:\/\/city-guide.info\/wp-content\/uploads\/2025\/07\/aerial-view-of-paris-with-eiffel-tower-france-2025-03-26-00-31-47-utc-1024x683.jpg\" alt=\"\" class=\"wp-image-5241\" style=\"width:654px;height:auto\" srcset=\"https:\/\/city-guide.info\/wp-content\/uploads\/2025\/07\/aerial-view-of-paris-with-eiffel-tower-france-2025-03-26-00-31-47-utc-1024x683.jpg 1024w, https:\/\/city-guide.info\/wp-content\/uploads\/2025\/07\/aerial-view-of-paris-with-eiffel-tower-france-2025-03-26-00-31-47-utc-300x200.jpg 300w, https:\/\/city-guide.info\/wp-content\/uploads\/2025\/07\/aerial-view-of-paris-with-eiffel-tower-france-2025-03-26-00-31-47-utc-768x512.jpg 768w, https:\/\/city-guide.info\/wp-content\/uploads\/2025\/07\/aerial-view-of-paris-with-eiffel-tower-france-2025-03-26-00-31-47-utc-1536x1024.jpg 1536w, https:\/\/city-guide.info\/wp-content\/uploads\/2025\/07\/aerial-view-of-paris-with-eiffel-tower-france-2025-03-26-00-31-47-utc-2048x1365.jpg 2048w, https:\/\/city-guide.info\/wp-content\/uploads\/2025\/07\/aerial-view-of-paris-with-eiffel-tower-france-2025-03-26-00-31-47-utc-18x12.jpg 18w, https:\/\/city-guide.info\/wp-content\/uploads\/2025\/07\/aerial-view-of-paris-with-eiffel-tower-france-2025-03-26-00-31-47-utc-600x400.jpg 600w\" sizes=\"auto, (max-width: 1024px) 100vw, 1024px\" \/><\/figure>\n\n\n\n<p>Det \u00e4r en av de strukturer som <strong>redovisas omedelbart<\/strong> - \u00e4ven utan en beskrivning. <strong>Eiffeltornet<\/strong> Det \u00e4r inte bara det mest k\u00e4nda landm\u00e4rket i Paris, utan ocks\u00e5 det <strong>en global symbol f\u00f6r romantik, innovation och... kontroverser<\/strong>. F\u00f6r mer \u00e4n <em>130 \u00e5r<\/em> tittar ner fr\u00e5n h\u00f6gt upp p\u00e5 <strong>ljusets stad<\/strong>och lockar miljontals turister, k\u00e4rlekspar, konstn\u00e4rer och tillf\u00e4lliga \u00e5sk\u00e5dare fr\u00e5n hela v\u00e4rlden.<\/p>\n\n\n\n<p>\u00c4ven om det idag verkar <strong>inneboende i<\/strong> Paris landskap, dess historia <strong>startade inte l\u00e4tt<\/strong>. Det skulle vara <em>tillf\u00e4llig<\/em>, var <strong>h\u00e5nad<\/strong>och \u00e4nd\u00e5 har det med tiden blivit <strong>hj\u00e4rtat av Paris<\/strong>.<\/p>\n\n\n\n<p>\ud83d\udd0d Den h\u00e4r artikeln \u00e4r ber\u00e4ttelsen om hur <strong>st\u00e5lj\u00e4tte<\/strong>som hade <strong>f\u00f6rsvinna efter 20 \u00e5r<\/strong>, har blivit <strong>en ikon f\u00f6r alla tider<\/strong>.<\/p>\n\n\n\n<figure class=\"wp-block-embed is-type-video is-provider-youtube wp-block-embed-youtube wp-embed-aspect-16-9 wp-has-aspect-ratio\"><div class=\"wp-block-embed__wrapper\">\n<div class=\"ast-oembed-container\" style=\"height: 100%;\"><iframe loading=\"lazy\" title=\"Eiffeltornet dr\u00f6nare 4k\" width=\"500\" height=\"281\" src=\"https:\/\/www.youtube.com\/embed\/Qx_c1X3zfEc?feature=oembed\" frameborder=\"0\" allow=\"accelerometer; autoplay; clipboard-write; encrypted-media; gyroscope; picture-in-picture; web-share\" referrerpolicy=\"strict-origin-when-cross-origin\" allowfullscreen><\/iframe><\/div>\n<\/div><\/figure>\n\n\n\n<hr class=\"wp-block-separator has-alpha-channel-opacity\"\/>\n\n\n\n<h3 class=\"wp-block-heading\">2\ufe0f\u20e3 En ikons f\u00f6delse: byggandet av Eiffeltornet<\/h3>\n\n\n\n<figure class=\"wp-block-image size-full\"><img loading=\"lazy\" decoding=\"async\" width=\"441\" height=\"584\" src=\"https:\/\/city-guide.info\/wp-content\/uploads\/2025\/07\/Construction_tour_eiffel7.jpg\" alt=\"\" class=\"wp-image-5244\" srcset=\"https:\/\/city-guide.info\/wp-content\/uploads\/2025\/07\/Construction_tour_eiffel7.jpg 441w, https:\/\/city-guide.info\/wp-content\/uploads\/2025\/07\/Construction_tour_eiffel7-227x300.jpg 227w, https:\/\/city-guide.info\/wp-content\/uploads\/2025\/07\/Construction_tour_eiffel7-9x12.jpg 9w\" sizes=\"auto, (max-width: 441px) 100vw, 441px\" \/><\/figure>\n\n\n\n<p><\/p>\n\n\n\n<h5 class=\"wp-block-heading\">\ud83d\udca0 <strong>V\u00e4rldsutst\u00e4llningen 1889<\/strong><\/h5>\n\n\n\n<p>I slutet av 1800-talet f\u00f6rberedde sig Paris f\u00f6r att fira den stora <strong>hundra\u00e5rsminnet av den franska revolutionen<\/strong>. Vid detta tillf\u00e4lle planerades en v\u00e4rldsutst\u00e4llning f\u00f6r att visa upp Frankrikes tekniska och kulturella styrka f\u00f6r v\u00e4rlden. Arrang\u00f6rerna ville skapa n\u00e5got \u00f6verraskande och unikt - en struktur som skulle bli en symbol f\u00f6r eran. Det var s\u00e5 id\u00e9n om att bygga ett torn med en h\u00f6jd av <strong>\u00f6ver 300 meter<\/strong>som skulle bli den h\u00f6gsta byggnaden i v\u00e4rlden.<\/p>\n\n\n\n<h5 class=\"wp-block-heading\">\ud83d\udca0 <strong>Gustave Eiffel och hans vision<\/strong><\/h5>\n\n\n\n<p>\u00c4ven om upphovsm\u00e4nnen till konceptet var ingenj\u00f6rer <strong>Maurice Koechlin<\/strong> i <strong>\u00c9mile Nouguier<\/strong>, det \u00e4r <strong>Gustave Eiffel<\/strong> - en erfaren brobyggare - tog deras id\u00e9 och gjorde den till verklighet. Han trodde att modern teknik inte bara kunde vara anv\u00e4ndbar utan ocks\u00e5 estetiskt tilltalande. Tack vare hans beslutsamhet p\u00e5b\u00f6rjades arbetet 1887 och varade <strong>bara 26 m\u00e5nader<\/strong> - Byggtakten var imponerande f\u00f6r att vara 1800-talets realiteter.<\/p>\n\n\n\n<p>Mer \u00e4n <strong>18.000 j\u00e4rnelement<\/strong>, begagnad <strong>2,5 miljoner nits<\/strong>och det hela konstruerades och monterades utan anv\u00e4ndning av kranar som vi idag skulle anse vara n\u00f6dv\u00e4ndiga. Det var <strong>ett verkligt tekniskt m\u00e4sterverk<\/strong>.<\/p>\n\n\n\n<h5 class=\"wp-block-heading\">\ud83d\udca0 <strong>Kontroverser som kunde ha stoppat den<\/strong><\/h5>\n\n\n\n<p>Redan fr\u00e5n b\u00f6rjan v\u00e4ckte projektet k\u00e4nslor. M\u00e5nga parisare - s\u00e4rskilt fr\u00e5n konstn\u00e4rskretsar - ans\u00e5g att metalltornet skulle f\u00f6rst\u00f6ra stadens eleganta karakt\u00e4r. Protestbrev publicerades i tidningarna, och i ett av dem kallades strukturen \"<strong>en v\u00e4rdel\u00f6s och monstru\u00f6s maskin<\/strong>\".<\/p>\n\n\n\n<p><strong>Guy de Maupassant<\/strong>f\u00f6rfattare och stor kritiker, h\u00e4vdade att han \u00e4ter lunch varje dag i tornets restaurang - f\u00f6r att den <strong>den enda plats i Paris varifr\u00e5n den inte kan ses<\/strong>.<\/p>\n\n\n\n<p>Och \u00e4nd\u00e5 - tornet byggdes. Och \u00e4ven om det bara var t\u00e4nkt att vara en tillf\u00e4llig attraktion har det med tiden blivit en <strong>en integrerad del av staden<\/strong>samt <strong>en best\u00e5ende symbol f\u00f6r mod, framsteg och modernitet<\/strong>.<\/p>\n\n\n\n<hr class=\"wp-block-separator has-alpha-channel-opacity\"\/>\n\n\n\n<h3 class=\"wp-block-heading\">3\ufe0f\u20e3 Beundran och kritik: de f\u00f6rsta decennierna<\/h3>\n\n\n\n<p>\ud83d\uddfd <strong>Ett torg som talar med frihetens r\u00f6st<\/strong><br>\ud83d\udc49 <a href=\"https:\/\/city-guide.info\/sv\/place-de-la-republique-en-symbol-for-frihet-i-hjartat-av-paris\/\">Place de la R\u00e9publique - historia, protester och symbolik<\/a><\/p>\n\n\n\n<figure class=\"wp-block-image size-large is-resized\"><img loading=\"lazy\" decoding=\"async\" width=\"1024\" height=\"717\" src=\"https:\/\/city-guide.info\/wp-content\/uploads\/2025\/07\/1028px-La_Tour_Eiffel_-_terrasse_de_la_premiere_plate-forme-1024x717.jpg\" alt=\"\" class=\"wp-image-5246\" style=\"width:659px;height:auto\" srcset=\"https:\/\/city-guide.info\/wp-content\/uploads\/2025\/07\/1028px-La_Tour_Eiffel_-_terrasse_de_la_premiere_plate-forme-1024x717.jpg 1024w, https:\/\/city-guide.info\/wp-content\/uploads\/2025\/07\/1028px-La_Tour_Eiffel_-_terrasse_de_la_premiere_plate-forme-300x210.jpg 300w, https:\/\/city-guide.info\/wp-content\/uploads\/2025\/07\/1028px-La_Tour_Eiffel_-_terrasse_de_la_premiere_plate-forme-768x538.jpg 768w, https:\/\/city-guide.info\/wp-content\/uploads\/2025\/07\/1028px-La_Tour_Eiffel_-_terrasse_de_la_premiere_plate-forme-18x12.jpg 18w, https:\/\/city-guide.info\/wp-content\/uploads\/2025\/07\/1028px-La_Tour_Eiffel_-_terrasse_de_la_premiere_plate-forme-600x420.jpg 600w, https:\/\/city-guide.info\/wp-content\/uploads\/2025\/07\/1028px-La_Tour_Eiffel_-_terrasse_de_la_premiere_plate-forme.jpg 1028w\" sizes=\"auto, (max-width: 1024px) 100vw, 1024px\" \/><\/figure>\n\n\n\n<p><\/p>\n\n\n\n<h5 class=\"wp-block-heading\">\ud83d\udca0 \"J\u00e4rnladyn\" i parisarnas \u00f6gon<\/h5>\n\n\n\n<p>Efter \u00f6ppning i <strong>1889<\/strong> Eiffeltornet v\u00e4ckte verklig uppst\u00e5ndelse - b\u00e5de <strong>entusiasm<\/strong>s\u00e5v\u00e4l som <strong>motvilja<\/strong>. F\u00f6r vissa var det <strong>en symbol f\u00f6r modernitet<\/strong>, f\u00f6r andra - <em>\"J\u00e4ttekran\"<\/em> och f\u00f6rst\u00f6rde den klassiska stadssiluetten. Kritikerna ans\u00e5g att den var f\u00f6r stram och kall, <em>\"om\u00e4nsklig\"<\/em>och till och med <em>vulg\u00e4r<\/em>.<\/p>\n\n\n\n<p>Med tiden b\u00f6rjade dock \u00e5sikterna att f\u00f6r\u00e4ndras. Tornet var inte bara <strong>har inte kollapsat<\/strong>som pessimisterna hade f\u00f6rutsp\u00e5tt, utan har blivit alltmer <strong>popul\u00e4r bland boende och konstn\u00e4rer<\/strong>. Parisborna b\u00f6rjade kalla henne k\u00e4rleksfullt <strong>\"J\u00e4rnladyn\"<\/strong> - en term som fortfarande understryker dess unika n\u00e4rvaro i hj\u00e4rtat av staden.<\/p>\n\n\n\n<h5 class=\"wp-block-heading\">\ud83d\udca0 F\u00f6rsta tekniska till\u00e4mpningarna<\/h5>\n\n\n\n<p>Redan n\u00e5gra \u00e5r efter invigningen stod det klart att tornet kunde fylla m\u00e5nga fler funktioner \u00e4n att bara vara en turistattraktion. W <strong>1903<\/strong> den f\u00f6rsta <strong>radiotelegrafstation<\/strong>, som spelade en nyckelroll i utvecklingen av kommunikationer.<\/p>\n\n\n\n<p>Under <strong>F\u00f6rsta v\u00e4rldskriget<\/strong> Antennerna fr\u00e5n tornet gjorde det bland annat m\u00f6jligt att f\u00e5nga upp tyska signaler, vilket hade stor milit\u00e4r betydelse. P\u00e5 detta s\u00e4tt <strong>teknisk relevans<\/strong> r\u00e4ddade byggnaden fr\u00e5n planerad rivning - den skulle trots allt bara st\u00e5 kvar till <strong>1909<\/strong>.<\/p>\n\n\n\n<h5 class=\"wp-block-heading\">\ud83d\udca0 Fr\u00e5n radiostation till utsiktsplats<\/h5>\n\n\n\n<p>Under tiden blev tornet allt mer och mer <strong>tillg\u00e4nglig f\u00f6r bes\u00f6kare<\/strong>. Hissar - \u00e4ven om de var primitiva med dagens m\u00e5tt m\u00e4tt - gjorde det m\u00f6jligt att n\u00e5 h\u00f6gre niv\u00e5er. Under tidens g\u00e5ng <strong>restauranger<\/strong>, <strong>synvinklar<\/strong>och till och med <strong>kontor f\u00f6r vetenskapsm\u00e4n och meteorologer<\/strong>.<\/p>\n\n\n\n<p>Eiffeltornet har d\u00e4rmed f\u00e5tt <strong>andra livet<\/strong>inte bara som ett tekniskt underverk, utan ocks\u00e5 som en <strong>en plats f\u00f6r upplevelse, observation och daglig anv\u00e4ndning<\/strong>. Det var under detta f\u00f6rsta decennium som det b\u00f6rjade utvecklas till n\u00e5got mer \u00e4n bara ett kontroversiellt projekt - ett <strong>b\u00f6rjade bli en ikon<\/strong>.<\/p>\n\n\n\n<hr class=\"wp-block-separator has-alpha-channel-opacity\"\/>\n\n\n\n<h3 class=\"wp-block-heading\">4\ufe0f\u20e3 R\u00e4ddad av historiens stormar<\/h3>\n\n\n\n<p>\ud83c\udf3f <strong>Lugn och ro i hj\u00e4rtat av Le Marais<\/strong><br>\ud83d\udc49 <a href=\"https:\/\/city-guide.info\/sv\/place-des-vosges-den-dolda-parlan-i-paris\/\">Place des Vosges - det \u00e4ldsta torget i Paris och en dold p\u00e4rla<\/a><\/p>\n\n\n\n<figure class=\"wp-block-image size-large is-resized\"><img loading=\"lazy\" decoding=\"async\" width=\"718\" height=\"1024\" src=\"https:\/\/city-guide.info\/wp-content\/uploads\/2025\/07\/Santos-Dumont_flight_around_the_Eiffel_Tower-718x1024.jpg\" alt=\"\" class=\"wp-image-5245\" style=\"width:379px;height:auto\" srcset=\"https:\/\/city-guide.info\/wp-content\/uploads\/2025\/07\/Santos-Dumont_flight_around_the_Eiffel_Tower-718x1024.jpg 718w, https:\/\/city-guide.info\/wp-content\/uploads\/2025\/07\/Santos-Dumont_flight_around_the_Eiffel_Tower-210x300.jpg 210w, https:\/\/city-guide.info\/wp-content\/uploads\/2025\/07\/Santos-Dumont_flight_around_the_Eiffel_Tower-768x1095.jpg 768w, https:\/\/city-guide.info\/wp-content\/uploads\/2025\/07\/Santos-Dumont_flight_around_the_Eiffel_Tower-1077x1536.jpg 1077w, https:\/\/city-guide.info\/wp-content\/uploads\/2025\/07\/Santos-Dumont_flight_around_the_Eiffel_Tower-1437x2048.jpg 1437w, https:\/\/city-guide.info\/wp-content\/uploads\/2025\/07\/Santos-Dumont_flight_around_the_Eiffel_Tower-8x12.jpg 8w, https:\/\/city-guide.info\/wp-content\/uploads\/2025\/07\/Santos-Dumont_flight_around_the_Eiffel_Tower-600x855.jpg 600w, https:\/\/city-guide.info\/wp-content\/uploads\/2025\/07\/Santos-Dumont_flight_around_the_Eiffel_Tower-scaled.jpg 1796w\" sizes=\"auto, (max-width: 718px) 100vw, 718px\" \/><\/figure>\n\n\n\n<p><\/p>\n\n\n\n<h5 class=\"wp-block-heading\">\ud83d\udca0 F\u00f6rsta och andra v\u00e4rldskriget: tornet som Paris v\u00e4ktare<\/h5>\n\n\n\n<p>Under <strong>F\u00f6rsta v\u00e4rldskriget<\/strong> Eiffeltornet spelade en mycket viktigare roll \u00e4n v\u00e4ntat. Tack vare telegrafstationen som installerades p\u00e5 det var det m\u00f6jligt att <strong>storskalig milit\u00e4r kommunikation<\/strong>. \u00c5r 1914 lyckades man f\u00e5nga upp och st\u00f6ra tyska order med hj\u00e4lp av den, vilket p\u00e5verkade den franska segern vid Marne.<\/p>\n\n\n\n<p>Det \u00e4r <strong>strukturens milit\u00e4ra betydelse<\/strong> gjorde att den undgick den rivning som planerades till 1909. Fr\u00e5n att ha varit en symbol f\u00f6r utst\u00e4llningen f\u00f6rvandlades den till en <strong>strategisk kommunikationspunkt<\/strong> - och b\u00f6rjade i m\u00e5nga fransm\u00e4ns \u00f6gon f\u00e5 en ny inneb\u00f6rd.<\/p>\n\n\n\n<h5 class=\"wp-block-heading\">\ud83d\udca0 Tysk ockupation och svastika h\u00f6gst upp<\/h5>\n\n\n\n<p>Under <strong>Andra v\u00e4rldskriget<\/strong>Efter tyskarnas int\u00e5g i Paris 1940 st\u00e4ngdes tornet f\u00f6r allm\u00e4nheten. P\u00e5 dess topp h\u00e4ngde en enorm <strong>flagga med ett hakkors<\/strong>men den var s\u00e5 stor att... <strong>f\u00f6ll efter n\u00e5gra timmar p\u00e5 grund av vinden<\/strong>.<\/p>\n\n\n\n<p>Ockupationsmyndigheterna planerade att montera ned tornet och transportera det till Tyskland, men projektet f\u00f6rblev en dr\u00f6m. Det \u00e4r intressant, <strong>Fransm\u00e4n kapade kraftkablar i hiss<\/strong>s\u00e5 att Hitler - om han hade velat kl\u00e4ttra upp till toppen - hade varit tvungen att g\u00f6ra det till fots. Enligt vissa k\u00e4llor valde han att inte g\u00f6ra det alls.<\/p>\n\n\n\n<h5 class=\"wp-block-heading\">\ud83d\udca0 Symbol f\u00f6r motst\u00e5nd och \u00f6verlevnad<\/h5>\n\n\n\n<p>Under hela ockupationen stod Eiffeltornet, tyst men <strong>full av mening<\/strong>. Den f\u00f6rst\u00f6rdes inte, den anv\u00e4ndes inte f\u00f6r propagandasyften - den \u00f6verlevde n\u00e4stan intakt.<\/p>\n\n\n\n<p>Efter befrielsen av Paris 1944 \u00f6ppnades den \u00e5ter f\u00f6r allm\u00e4nheten. Under efterkrigstiden var det redan <strong>mer \u00e4n bara en struktur<\/strong> - har blivit <strong>en symbol f\u00f6r motst\u00e5ndskraft, nationell stolthet och historisk kontinuitet<\/strong>. Dess \u00f6verlevnad var en p\u00e5minnelse om att identitet och v\u00e4rdighet kan bevaras \u00e4ven under de sv\u00e5raste tiderna.<\/p>\n\n\n\n<hr class=\"wp-block-separator has-alpha-channel-opacity\"\/>\n\n\n\n<h3 class=\"wp-block-heading\">5\ufe0f\u20e3 Eiffeltornet i den moderna v\u00e4rlden<\/h3>\n\n\n\n<figure class=\"wp-block-image size-large is-resized\"><img loading=\"lazy\" decoding=\"async\" width=\"1024\" height=\"683\" src=\"https:\/\/city-guide.info\/wp-content\/uploads\/2025\/07\/eiffel-tower-in-paris-in-a-sunny-summer-day-blue-2025-02-10-02-46-32-utc-1-1024x683.jpg\" alt=\"\" class=\"wp-image-5247\" style=\"width:652px;height:auto\" srcset=\"https:\/\/city-guide.info\/wp-content\/uploads\/2025\/07\/eiffel-tower-in-paris-in-a-sunny-summer-day-blue-2025-02-10-02-46-32-utc-1-1024x683.jpg 1024w, https:\/\/city-guide.info\/wp-content\/uploads\/2025\/07\/eiffel-tower-in-paris-in-a-sunny-summer-day-blue-2025-02-10-02-46-32-utc-1-300x200.jpg 300w, https:\/\/city-guide.info\/wp-content\/uploads\/2025\/07\/eiffel-tower-in-paris-in-a-sunny-summer-day-blue-2025-02-10-02-46-32-utc-1-768x512.jpg 768w, https:\/\/city-guide.info\/wp-content\/uploads\/2025\/07\/eiffel-tower-in-paris-in-a-sunny-summer-day-blue-2025-02-10-02-46-32-utc-1-1536x1024.jpg 1536w, https:\/\/city-guide.info\/wp-content\/uploads\/2025\/07\/eiffel-tower-in-paris-in-a-sunny-summer-day-blue-2025-02-10-02-46-32-utc-1-2048x1365.jpg 2048w, https:\/\/city-guide.info\/wp-content\/uploads\/2025\/07\/eiffel-tower-in-paris-in-a-sunny-summer-day-blue-2025-02-10-02-46-32-utc-1-18x12.jpg 18w, https:\/\/city-guide.info\/wp-content\/uploads\/2025\/07\/eiffel-tower-in-paris-in-a-sunny-summer-day-blue-2025-02-10-02-46-32-utc-1-600x400.jpg 600w\" sizes=\"auto, (max-width: 1024px) 100vw, 1024px\" \/><\/figure>\n\n\n\n<p><\/p>\n\n\n\n<h5 class=\"wp-block-heading\">\ud83d\udca0 Renoveringar och tekniska f\u00f6rb\u00e4ttringar<\/h5>\n\n\n\n<p>Trots att det \u00e4r en byggnad fr\u00e5n slutet av 1800-talet \u00e4r den fortfarande imponerande, <strong>Eiffeltornet genomg\u00e5r en st\u00e4ndig modernisering<\/strong>f\u00f6r att m\u00f6ta 2000-talets krav. Sedan 1980-talet har strukturen regelbundet f\u00f6rst\u00e4rkts, hissar har bytts ut, nya brandskyddssystem har installerats och energieffektiviteten har f\u00f6rb\u00e4ttrats.<\/p>\n\n\n\n<p>Tornet \u00e4r ocks\u00e5 <strong>regelbundet m\u00e5lad - vart 7:e \u00e5r<\/strong>f\u00f6r att skydda den mot korrosion. Varje renovering inneb\u00e4r att cirka <strong>60 ton f\u00e4rg<\/strong>. Arbetet \u00e4r komplicerat och tar upp till flera m\u00e5nader, men det bevarar byggnadens ursprungliga karakt\u00e4r.<\/p>\n\n\n\n<h5 class=\"wp-block-heading\">\ud83d\udca0 Miljontals turister och popularitetsrekord<\/h5>\n\n\n\n<p>Eiffeltornet \u00e4r ett av v\u00e4rldens mest <strong>mest bes\u00f6kta betalda turistattraktionerna i v\u00e4rlden<\/strong>. Det lockar mer \u00e4n <strong>6 miljoner m\u00e4nniskor<\/strong> - trots st\u00e4ndigt \u00f6kande biljettpriser och behovet av att boka i f\u00f6rv\u00e4g.<\/p>\n\n\n\n<p>F\u00f6r m\u00e5nga turister <strong>ett bes\u00f6k i tornet \u00e4r ett m\u00e5ste i Paris<\/strong>. Utsikten fr\u00e5n toppen \u00e4r of\u00f6rgl\u00f6mlig och sj\u00e4lva byggnaden \u00e4r \u00e4nnu mer imponerande \u00e4n p\u00e5 fotografierna n\u00e4r man ser den p\u00e5 n\u00e4ra h\u00e5ll. Med tre niv\u00e5er, restauranger, utsiktsterrasser och utst\u00e4llningar kan varje bes\u00f6k se annorlunda ut.<\/p>\n\n\n\n<h5 class=\"wp-block-heading\">\ud83d\udca0 Ljusshower och specialevenemang<\/h5>\n\n\n\n<p>Sedan 2000, Eiffeltornet p\u00e5 natten <strong>blinkar med tusen blinkande lampor<\/strong>som f\u00f6rvandlar den till ett riktigt spektakel varje timme. Belysningen \u00e4r utformad f\u00f6r att framh\u00e4va byggnadens elegans och inte st\u00f6ra stadsbilden.<\/p>\n\n\n\n<p>Tornet deltar ocks\u00e5 ofta i s\u00e4rskilda evenemang: det lyses upp i nationalflaggornas f\u00e4rger, dimmas som en gest av solidaritet och blir ibland en <strong>en sk\u00e4rm f\u00f6r viktiga sociala och politiska budskap<\/strong>. D\u00e4rf\u00f6r lever den fortfarande - inte bara som ett monument, utan ocks\u00e5 som en <strong>som den moderna v\u00e4rldens r\u00f6st<\/strong>.<\/p>\n\n\n\n<hr class=\"wp-block-separator has-alpha-channel-opacity\"\/>\n\n\n\n<h3 class=\"wp-block-heading\">6\ufe0f\u20e3 Ett f\u00f6rem\u00e5l f\u00f6r kultur, konst och popkultur<\/h3>\n\n\n\n<p>\ud83c\udfa8 <strong>Kvarteret f\u00f6r konstn\u00e4rer och dr\u00f6mmare<\/strong><br>\ud83d\udc49 <a href=\"https:\/\/city-guide.info\/sv\/montmartre-i-paris-konstnarskvarteren\/\">Montmartre - bohemer, Moulin Rouge och sj\u00e4len i det gamla Paris<\/a><\/p>\n\n\n\n<figure class=\"wp-block-image size-large is-resized\"><img loading=\"lazy\" decoding=\"async\" width=\"1024\" height=\"683\" src=\"https:\/\/city-guide.info\/wp-content\/uploads\/2025\/07\/cityscape-view-of-paris-2025-03-16-03-48-04-utc-1024x683.jpg\" alt=\"\" class=\"wp-image-5248\" style=\"width:671px;height:auto\" srcset=\"https:\/\/city-guide.info\/wp-content\/uploads\/2025\/07\/cityscape-view-of-paris-2025-03-16-03-48-04-utc-1024x683.jpg 1024w, https:\/\/city-guide.info\/wp-content\/uploads\/2025\/07\/cityscape-view-of-paris-2025-03-16-03-48-04-utc-300x200.jpg 300w, https:\/\/city-guide.info\/wp-content\/uploads\/2025\/07\/cityscape-view-of-paris-2025-03-16-03-48-04-utc-768x513.jpg 768w, https:\/\/city-guide.info\/wp-content\/uploads\/2025\/07\/cityscape-view-of-paris-2025-03-16-03-48-04-utc-1536x1025.jpg 1536w, https:\/\/city-guide.info\/wp-content\/uploads\/2025\/07\/cityscape-view-of-paris-2025-03-16-03-48-04-utc-2048x1367.jpg 2048w, https:\/\/city-guide.info\/wp-content\/uploads\/2025\/07\/cityscape-view-of-paris-2025-03-16-03-48-04-utc-18x12.jpg 18w, https:\/\/city-guide.info\/wp-content\/uploads\/2025\/07\/cityscape-view-of-paris-2025-03-16-03-48-04-utc-600x400.jpg 600w\" sizes=\"auto, (max-width: 1024px) 100vw, 1024px\" \/><\/figure>\n\n\n\n<p><\/p>\n\n\n\n<h5 class=\"wp-block-heading\">\ud83d\udca0 Tornet i filmer, litteratur och musik<\/h5>\n\n\n\n<p>Eiffeltornet f\u00f6rekommer i otaliga filmer - b\u00e5de franska och Hollywoodfilmer. Ibland som en bakgrund till k\u00e4rleksscener, andra g\u00e5nger som en central punkt i handlingen. Det har f\u00f6rekommit i bland annat. <em>Inception<\/em>, <em>Da Vinci-koden<\/em>, <em>Ratatuju<\/em>, <em>D\u00f6dligt vapen 4<\/em>samt i ett antal romantiska komedier.<\/p>\n\n\n\n<p>I litteraturen \u00e4r den ibland en symbol f\u00f6r <strong>dr\u00f6mmar, l\u00e4ngtan eller modernitet<\/strong>och, i s\u00e5nger, en bakgrund f\u00f6r k\u00e4nslor. Det \u00e4r inte bara ett fragment av landskapet, utan en <strong>k\u00e4nnetecknet f\u00f6r hela Paris<\/strong>som omedelbart v\u00e4cker associationer till romantik, kultur och elegans.<\/p>\n\n\n\n<h5 class=\"wp-block-heading\">\ud83d\udca0 Inspiration f\u00f6r konstn\u00e4rer och kreat\u00f6rer<\/h5>\n\n\n\n<p>Redan fr\u00e5n b\u00f6rjan har tornet fascinerat konstn\u00e4rer - b\u00e5de etablerade och avantgardister. Det tecknades av impressionisterna, avbildades av kubisterna och fotograferades av modernisterna. <strong>F\u00f6r dadaisterna och surrealisterna var den en symbol f\u00f6r dekonstruktionen av form<\/strong>och f\u00f6r arkitekter, en utmaning och en referenspunkt.<\/p>\n\n\n\n<p>\u00c4n i dag \u00e4r det ett motiv som f\u00f6rekommer i till\u00e4mpad grafik, affischer, v\u00e4ggm\u00e5lningar eller gatukonst. Det \u00e4r sv\u00e5rt att hitta n\u00e5got annat objekt som \u00e4r lika <strong>igenk\u00e4nnbar och samtidigt \u00f6ppen f\u00f6r tolkning<\/strong>.<\/p>\n\n\n\n<h5 class=\"wp-block-heading\">\ud83d\udca0 Souvenirer, reproduktioner och \"kopior\" \u00f6ver hela v\u00e4rlden<\/h5>\n\n\n\n<p>Eiffeltornet har blivit en ikon inom popul\u00e4rkulturen. Dess miniatyrer kan hittas p\u00e5 nyckelringar, muggar, T-shirts eller smycken. Det \u00e4r ett av de mest reproducerade arkitektoniska objekten i v\u00e4rlden - inte bara i form av souvenirer, utan ocks\u00e5 <strong>repliker i full storlek<\/strong>.<\/p>\n\n\n\n<p>Tornets mindre \"systrar\" finns bland annat i Las Vegas, Tokyo, Shenzhen, Sofia och Lahore. Detta bevisar att <strong>dess symbolik str\u00e4ckte sig l\u00e5ngt utanf\u00f6r Frankrikes gr\u00e4nser<\/strong> - idag tillh\u00f6r hela v\u00e4rlden.<\/p>\n\n\n\n<hr class=\"wp-block-separator has-alpha-channel-opacity\"\/>\n\n\n\n<h3 class=\"wp-block-heading\">7\ufe0f\u20e3 Stadsvy<\/h3>\n\n\n\n<div class=\"wp-block-gmap-gmap-block gmap-block-v9oj6bhg\"><iframe loading=\"lazy\" src=\"https:\/\/maps.google.com\/maps?q=Wie%C5%BCa+Eiffla&amp;z=13&amp;t=roadmap&amp;output=embed\" class=\"embd-map\" title=\"Eiffeltornet\"><\/iframe><\/div>\n\n\n\n<p><\/p>\n\n\n\n<h5 class=\"wp-block-heading\">\ud83d\udca0 L\u00e4ge och p\u00e5verkan p\u00e5 Paris skyline<\/h5>\n\n\n\n<p>Eiffeltornet uppf\u00f6rdes i den v\u00e4stra delen av stadens centrum, p\u00e5 Champs de Mars - ett stort \u00f6ppet torg som har tj\u00e4nat milit\u00e4ra och offentliga syften i \u00e5rhundraden. Tack vare detta l\u00e4ge kan tornet inte bara <strong>dominerar utrymmet<\/strong>men ocks\u00e5 <strong>passar naturligt in i Paris stadsplanering<\/strong>.<\/p>\n\n\n\n<p>Den \u00e4r synlig fr\u00e5n n\u00e4stan alla platser i staden och har alltid utgjort en arkitektonisk motpol till de historiska byggnaderna. Idag \u00e4r det sv\u00e5rt att f\u00f6rest\u00e4lla sig Paris skyline utan dess distinkta silhuett.<\/p>\n\n\n\n<h5 class=\"wp-block-heading\">\ud83d\udca0 F\u00f6rh\u00e5llandet till milj\u00f6n - Champs de Mars och Seine<\/h5>\n\n\n\n<p>Tornets omedelbara omgivning spelar en viktig roll f\u00f6r hur det uppfattas. P\u00e5 ena sidan - den <strong>den stora Champs de Mars<\/strong>p\u00e5 den ena sidan ger utrymme f\u00f6r avkoppling, fotografering och picknick. P\u00e5 den andra sidan <strong>Seine<\/strong>\u00f6ver vilken Jena-bron leder och som f\u00f6rbinder tornet med Trocad\u00e9ro-distriktet och utsiktsterrasserna.<\/p>\n\n\n\n<p>Denna sammans\u00e4ttning inneb\u00e4r att tornet inte \"kl\u00e4ms in\" i ett t\u00e4tt omr\u00e5de, utan <strong>har utrymme att andas<\/strong> - vilket ytterligare f\u00f6rst\u00e4rker dess monumentala karakt\u00e4r. Det \u00e4r ett exempel p\u00e5 en v\u00e4l genomt\u00e4nkt integrering av en modern form i en traditionell stadsstruktur.<\/p>\n\n\n\n<h5 class=\"wp-block-heading\">\ud83d\udca0 Symbol f\u00f6r storstad och romantik<\/h5>\n\n\n\n<p>\u00c4ven om den ursprungligen var en industriell struktur kom den med tiden att symbolisera n\u00e5got mer. F\u00f6r vissa \u00e4r det <strong>en ikon f\u00f6r det moderna Paris<\/strong>en metropol som \u00e4r \u00f6ppen f\u00f6r v\u00e4rlden och framsteg. F\u00f6r andra - <strong>en romantisk referenspunkt<\/strong>Det \u00e4r den perfekta platsen f\u00f6r en f\u00f6rlovning, en promenad eller en stunds njutning i staden.<\/p>\n\n\n\n<p>Eiffeltornet f\u00f6renar allts\u00e5 det som s\u00e4llan g\u00e5r hand i hand: <strong>industriell karakt\u00e4r och k\u00e4nslom\u00e4ssig betydelse<\/strong>Det \u00e4r en blandning av st\u00e5lets kyla och minnenas v\u00e4rme. En s\u00e5dan balans g\u00f6r att den sticker ut fr\u00e5n andra urbana dominanter - inte bara sticker den ut, utan den \u00e4r helt enkelt r\u00f6rande.<\/p>\n\n\n\n<hr class=\"wp-block-separator has-alpha-channel-opacity\"\/>\n\n\n\n<h3 class=\"wp-block-heading\">8\ufe0f\u20e3 Kontroverser och reflektioner<\/h3>\n\n\n\n<figure class=\"wp-block-image size-large is-resized\"><img loading=\"lazy\" decoding=\"async\" width=\"1024\" height=\"683\" src=\"https:\/\/city-guide.info\/wp-content\/uploads\/2025\/07\/eiffel-tour-and-paris-cityscape-2024-10-19-16-55-00-utc-1024x683.jpg\" alt=\"\" class=\"wp-image-5250\" style=\"width:666px;height:auto\" srcset=\"https:\/\/city-guide.info\/wp-content\/uploads\/2025\/07\/eiffel-tour-and-paris-cityscape-2024-10-19-16-55-00-utc-1024x683.jpg 1024w, https:\/\/city-guide.info\/wp-content\/uploads\/2025\/07\/eiffel-tour-and-paris-cityscape-2024-10-19-16-55-00-utc-300x200.jpg 300w, https:\/\/city-guide.info\/wp-content\/uploads\/2025\/07\/eiffel-tour-and-paris-cityscape-2024-10-19-16-55-00-utc-768x512.jpg 768w, https:\/\/city-guide.info\/wp-content\/uploads\/2025\/07\/eiffel-tour-and-paris-cityscape-2024-10-19-16-55-00-utc-1536x1024.jpg 1536w, https:\/\/city-guide.info\/wp-content\/uploads\/2025\/07\/eiffel-tour-and-paris-cityscape-2024-10-19-16-55-00-utc-2048x1365.jpg 2048w, https:\/\/city-guide.info\/wp-content\/uploads\/2025\/07\/eiffel-tour-and-paris-cityscape-2024-10-19-16-55-00-utc-18x12.jpg 18w, https:\/\/city-guide.info\/wp-content\/uploads\/2025\/07\/eiffel-tour-and-paris-cityscape-2024-10-19-16-55-00-utc-600x400.jpg 600w\" sizes=\"auto, (max-width: 1024px) 100vw, 1024px\" \/><\/figure>\n\n\n\n<p><\/p>\n\n\n\n<h5 class=\"wp-block-heading\">\ud83d\udca0 Kritik mot kommersialisering<\/h5>\n\n\n\n<p>Trots att Eiffeltornet lockar miljontals turister och genererar enorma int\u00e4kter saknas det inte kritik. F\u00f6r m\u00e5nga Parisbor har det blivit <strong>en symbol f\u00f6r turistmassorna<\/strong> - en plats d\u00e4r romantiken f\u00f6rsvinner under trycket av folkmassor, souvenirmagneter och k\u00f6er.<\/p>\n\n\n\n<p>Vissa har anklagat stadens myndigheter f\u00f6r att i f\u00f6rsta hand behandla tornet som en <strong>k\u00e4lla till vinster<\/strong>snarare \u00e4n kulturarv som beh\u00f6ver behandlas varsamt. Fr\u00e5gor uppst\u00e5r: var slutar marknadsf\u00f6ring och var b\u00f6rjar f\u00f6rvr\u00e4ngningen av den ursprungliga andan p\u00e5 en plats?<\/p>\n\n\n\n<h5 class=\"wp-block-heading\">\ud83d\udca0 Debatter om tillg\u00e4nglighet och ekologi<\/h5>\n\n\n\n<p>Under de senaste \u00e5ren har det talats mycket om <strong>behovet av att g\u00f6ra tornet mer tillg\u00e4ngligt och milj\u00f6v\u00e4nligt<\/strong>. Gr\u00f6na l\u00f6sningar inf\u00f6rs - till exempel LED-belysning, avfallssortering eller planer p\u00e5 att installera solpaneler.<\/p>\n\n\n\n<p>Det finns dock p\u00e5st\u00e5enden om att <strong>biljetterna \u00e4r f\u00f6r dyra<\/strong>och m\u00e5nga m\u00e4nniskor - s\u00e4rskilt parisare - <strong>har inte bes\u00f6kt tornet p\u00e5 flera \u00e5r<\/strong>eftersom de anser att det inte har utformats med dem i \u00e5tanke. Som ett resultat av detta \u00e4r ett monument som \u00e4r en ikon f\u00f6r staden ibland <strong>mer tillg\u00e4nglig f\u00f6r turister \u00e4n f\u00f6r parisarna sj\u00e4lva<\/strong>.<\/p>\n\n\n\n<h5 class=\"wp-block-heading\">\ud83d\udca0 Fr\u00e5ga: Inspirerar tornet fortfarande?<\/h5>\n\n\n\n<p>Efter mer \u00e4n 130 \u00e5rs verksamhet \u00e4r det naturligt att st\u00e4lla sig fr\u00e5gan: <strong>V\u00e4cker Eiffeltornet fortfarande respekt eller har det bara blivit en kuliss f\u00f6r en selfie?<\/strong> F\u00f6r m\u00e5nga \u00e4r det fortfarande en magisk plats, men f\u00f6r andra \u00e4r den alltf\u00f6r bekant, alltf\u00f6r f\u00f6ruts\u00e4gbar, alltf\u00f6r \"fotograferad\".<\/p>\n\n\n\n<p>Men trots dessa reservationer har tornet fortfarande kraft. <strong>Den ber\u00f6r, imponerar och lockar.<\/strong> Och kanske \u00e4r det just det faktum att den inte \u00e4r perfekt - att det finns en debatt kring den, att alla inte gillar den - som g\u00f6r den till en sann symbol: levande, f\u00f6r\u00e4nderlig, fortfarande relevant.<\/p>\n\n\n\n<hr class=\"wp-block-separator has-alpha-channel-opacity\"\/>\n\n\n\n<h3 class=\"wp-block-heading\">9\ufe0f\u20e3 Sammanfattning<\/h3>\n\n\n\n<figure class=\"wp-block-image size-large is-resized\"><img loading=\"lazy\" decoding=\"async\" width=\"1024\" height=\"506\" src=\"https:\/\/city-guide.info\/wp-content\/uploads\/2025\/07\/skyline-of-paris-with-eiffel-tower-at-sunset-in-pa-2025-03-25-21-07-12-utc-1024x506.jpg\" alt=\"\" class=\"wp-image-5253\" style=\"width:699px;height:auto\" srcset=\"https:\/\/city-guide.info\/wp-content\/uploads\/2025\/07\/skyline-of-paris-with-eiffel-tower-at-sunset-in-pa-2025-03-25-21-07-12-utc-1024x506.jpg 1024w, https:\/\/city-guide.info\/wp-content\/uploads\/2025\/07\/skyline-of-paris-with-eiffel-tower-at-sunset-in-pa-2025-03-25-21-07-12-utc-300x148.jpg 300w, https:\/\/city-guide.info\/wp-content\/uploads\/2025\/07\/skyline-of-paris-with-eiffel-tower-at-sunset-in-pa-2025-03-25-21-07-12-utc-768x379.jpg 768w, https:\/\/city-guide.info\/wp-content\/uploads\/2025\/07\/skyline-of-paris-with-eiffel-tower-at-sunset-in-pa-2025-03-25-21-07-12-utc-1536x758.jpg 1536w, https:\/\/city-guide.info\/wp-content\/uploads\/2025\/07\/skyline-of-paris-with-eiffel-tower-at-sunset-in-pa-2025-03-25-21-07-12-utc-2048x1011.jpg 2048w, https:\/\/city-guide.info\/wp-content\/uploads\/2025\/07\/skyline-of-paris-with-eiffel-tower-at-sunset-in-pa-2025-03-25-21-07-12-utc-18x9.jpg 18w, https:\/\/city-guide.info\/wp-content\/uploads\/2025\/07\/skyline-of-paris-with-eiffel-tower-at-sunset-in-pa-2025-03-25-21-07-12-utc-600x296.jpg 600w\" sizes=\"auto, (max-width: 1024px) 100vw, 1024px\" \/><\/figure>\n\n\n\n<p><\/p>\n\n\n\n<p>Eiffeltornet \u00e4r mer \u00e4n en st\u00e5lkonstruktion - det \u00e4r en <strong>levande historia<\/strong>, <strong>ikonisk symbol<\/strong> i <strong>vittne till epokerna<\/strong>. Den var t\u00e4nkt att vara en tillf\u00e4llig attraktion, men har stannat f\u00f6r alltid. P\u00e5 sina 330 meter rymmer den b\u00e5de teknisk precision och ett k\u00e4nslom\u00e4ssigt v\u00e4rde som inte g\u00e5r att m\u00e4ta.<\/p>\n\n\n\n<p>Under mer \u00e4n 130 \u00e5r har den g\u00e5tt fr\u00e5n <strong>ett kontroversiellt experiment<\/strong> Till <strong>ett f\u00f6rem\u00e5l f\u00f6r universell beundran<\/strong>. Den har \u00f6verlevt krig, kriser, sociala f\u00f6r\u00e4ndringar och kulturella modenycker. Den forts\u00e4tter att inspirera - arkitekter, konstn\u00e4rer, \u00e4lskare och dr\u00f6mmare.<\/p>\n\n\n\n<p>\u00c5 ena sidan \u00e4r det en plats f\u00f6r folkmassor, hissk\u00f6er och otaliga fotografier. \u00c5 andra sidan \u00e4r det en referenspunkt, <strong>det universella tecknet f\u00f6r Paris<\/strong>Han \u00e4r en k\u00e4ndis, igenk\u00e4nnbar i v\u00e4rldens alla h\u00f6rn. Och trots sin ber\u00f6mmelse f\u00f6rlorar han inte sin sj\u00e4l. Han lyckas fortfarande r\u00f6ra p\u00e5 sig.<\/p>\n\n\n\n<p>Och det \u00e4r d\u00e4rf\u00f6r Eiffeltornet inte bara tillh\u00f6r Frankrike - det \u00e4r ocks\u00e5 <strong>tillh\u00f6r alla<\/strong>.<\/p>","protected":false},"excerpt":{"rendered":"<p>1\ufe0f\u20e3 Wst\u0119p To jedna z tych konstrukcji, kt\u00f3re rozpoznaje si\u0119 od razu \u2013 nawet bez opisu. Wie\u017ca Eiffla to nie [&hellip;]<\/p>","protected":false},"author":206,"featured_media":5242,"comment_status":"open","ping_status":"open","sticky":false,"template":"","format":"standard","meta":{"_acf_changed":false,"site-sidebar-layout":"default","site-content-layout":"","ast-site-content-layout":"default","site-content-style":"default","site-sidebar-style":"default","ast-global-header-display":"","ast-banner-title-visibility":"","ast-main-header-display":"","ast-hfb-above-header-display":"","ast-hfb-below-header-display":"","ast-hfb-mobile-header-display":"","site-post-title":"","ast-breadcrumbs-content":"","ast-featured-img":"","footer-sml-layout":"","theme-transparent-header-meta":"","adv-header-id-meta":"","stick-header-meta":"","header-above-stick-meta":"","header-main-stick-meta":"","header-below-stick-meta":"","astra-migrate-meta-layouts":"set","ast-page-background-enabled":"default","ast-page-background-meta":{"desktop":{"background-color":"var(--ast-global-color-4)","background-image":"","background-repeat":"repeat","background-position":"center center","background-size":"auto","background-attachment":"scroll","background-type":"","background-media":"","overlay-type":"","overlay-color":"","overlay-opacity":"","overlay-gradient":""},"tablet":{"background-color":"","background-image":"","background-repeat":"repeat","background-position":"center center","background-size":"auto","background-attachment":"scroll","background-type":"","background-media":"","overlay-type":"","overlay-color":"","overlay-opacity":"","overlay-gradient":""},"mobile":{"background-color":"","background-image":"","background-repeat":"repeat","background-position":"center center","background-size":"auto","background-attachment":"scroll","background-type":"","background-media":"","overlay-type":"","overlay-color":"","overlay-opacity":"","overlay-gradient":""}},"ast-content-background-meta":{"desktop":{"background-color":"var(--ast-global-color-5)","background-image":"","background-repeat":"repeat","background-position":"center center","background-size":"auto","background-attachment":"scroll","background-type":"","background-media":"","overlay-type":"","overlay-color":"","overlay-opacity":"","overlay-gradient":""},"tablet":{"background-color":"var(--ast-global-color-5)","background-image":"","background-repeat":"repeat","background-position":"center center","background-size":"auto","background-attachment":"scroll","background-type":"","background-media":"","overlay-type":"","overlay-color":"","overlay-opacity":"","overlay-gradient":""},"mobile":{"background-color":"var(--ast-global-color-5)","background-image":"","background-repeat":"repeat","background-position":"center center","background-size":"auto","background-attachment":"scroll","background-type":"","background-media":"","overlay-type":"","overlay-color":"","overlay-opacity":"","overlay-gradient":""}},"footnotes":""},"categories":[36],"tags":[234,90,235,238,220,219],"class_list":["post-5225","post","type-post","status-publish","format-standard","has-post-thumbnail","hentry","category-paryz","tag-architektura","tag-historia","tag-panorama-miasta","tag-punkt-widokowy","tag-taras-widokowy","tag-zabytek"],"acf":[],"_links":{"self":[{"href":"https:\/\/city-guide.info\/sv\/wp-json\/wp\/v2\/posts\/5225","targetHints":{"allow":["GET"]}}],"collection":[{"href":"https:\/\/city-guide.info\/sv\/wp-json\/wp\/v2\/posts"}],"about":[{"href":"https:\/\/city-guide.info\/sv\/wp-json\/wp\/v2\/types\/post"}],"author":[{"embeddable":true,"href":"https:\/\/city-guide.info\/sv\/wp-json\/wp\/v2\/users\/206"}],"replies":[{"embeddable":true,"href":"https:\/\/city-guide.info\/sv\/wp-json\/wp\/v2\/comments?post=5225"}],"version-history":[{"count":0,"href":"https:\/\/city-guide.info\/sv\/wp-json\/wp\/v2\/posts\/5225\/revisions"}],"wp:featuredmedia":[{"embeddable":true,"href":"https:\/\/city-guide.info\/sv\/wp-json\/wp\/v2\/media\/5242"}],"wp:attachment":[{"href":"https:\/\/city-guide.info\/sv\/wp-json\/wp\/v2\/media?parent=5225"}],"wp:term":[{"taxonomy":"category","embeddable":true,"href":"https:\/\/city-guide.info\/sv\/wp-json\/wp\/v2\/categories?post=5225"},{"taxonomy":"post_tag","embeddable":true,"href":"https:\/\/city-guide.info\/sv\/wp-json\/wp\/v2\/tags?post=5225"}],"curies":[{"name":"wp","href":"https:\/\/api.w.org\/{rel}","templated":true}]}}